{"id":6316,"date":"2014-12-03T22:19:51","date_gmt":"2014-12-03T22:19:51","guid":{"rendered":"http:\/\/www.ecuadoraldia.com.ec\/?p=6316"},"modified":"2014-12-03T22:19:51","modified_gmt":"2014-12-03T22:19:51","slug":"onu-alerta-que-2014-se-perfila-como-el-ano-mas-caluroso-desde-que-existen-registros","status":"publish","type":"post","link":"https:\/\/www.ecuadoraldia.com.ec\/?p=6316","title":{"rendered":"ONU alerta que 2014 se perfila como el a\u00f1o m\u00e1s caluroso desde que existen registros"},"content":{"rendered":"<figure id=\"attachment_6317\" aria-describedby=\"caption-attachment-6317\" style=\"width: 277px\" class=\"wp-caption alignleft\"><a href=\"http:\/\/www.ecuadoraldia.com.ec\/wp-content\/uploads\/2014\/12\/calentamientog.jpg\"><img loading=\"lazy\" decoding=\"async\" class=\"size-full wp-image-6317\" src=\"http:\/\/www.ecuadoraldia.com.ec\/wp-content\/uploads\/2014\/12\/calentamientog.jpg\" alt=\"En los 10 primeros meses del a\u00f1o, la temperatura promedio de la Tierra fue 0,57\u00b0C m\u00e1s alta que el promedio de 14\u00b0C del per\u00edodo 1961-1990.\" width=\"277\" height=\"182\" \/><\/a><figcaption id=\"caption-attachment-6317\" class=\"wp-caption-text\">En los 10 primeros meses del a\u00f1o, la temperatura promedio de la Tierra fue 0,57\u00b0C m\u00e1s alta que el promedio de 14\u00b0C del per\u00edodo 1961-1990.<\/figcaption><\/figure>\n<p style=\"text-align: justify;\">Lima, 3 dic (AFP).- El a\u00f1o 2014 puede convertirse en el m\u00e1s caluroso desde que se recopilan datos si contin\u00faan las altas temperaturas que propiciaron inundaciones y sequ\u00edas extremas en el mundo, anunci\u00f3 este mi\u00e9rcoles la agencia meteorol\u00f3gica de la Organizaci\u00f3n de las Naciones Unidas (ONU).<\/p>\n<p style=\"text-align: justify;\">\u00abSi noviembre y diciembre mantienen la misma tendencia [que de enero a octubre], entonces 2014 ser\u00e1 probablemente el m\u00e1s caluroso jam\u00e1s registrado, por delante de 2010, 2005 y 1998\u00bb, se\u00f1ala la Organizaci\u00f3n Meteorol\u00f3gica Mundial (OMM) en un informe publicado en Lima, donde se lleva a cabo desde el lunes la Conferencia de Cambio Clim\u00e1tico.<\/p>\n<p style=\"text-align: justify;\">El r\u00e9cord posible de temperatura promedio en la superficie terrestre \u00abse debe en gran medida a temperaturas r\u00e9cord en la superficie de los oc\u00e9anos, que van a seguir siendo probablemente superiores a lo normal hasta fin de a\u00f1o\u00bb, agrega la OMM.<\/p>\n<p style=\"text-align: justify;\">\u00abTemperaturas elevadas en la superficie de los oc\u00e9anos, combinadas a otros factores, contribuyeron a lluvias e inundaciones excepcionales en varios pa\u00edses y a sequ\u00edas extremas en otros\u00bb, precisa.<\/p>\n<p style=\"text-align: justify;\">En los 10 primeros meses del a\u00f1o, la temperatura promedio de la Tierra fue 0,57\u00b0C m\u00e1s alta que el promedio de 14\u00b0C del per\u00edodo 1961-1990.<\/p>\n<p style=\"text-align: justify;\">Seg\u00fan la OMM, las altas temperaturas de enero a octubre se registraron en un a\u00f1o sin fen\u00f3meno de El Ni\u00f1o, un calentamiento c\u00edclico de las aguas del Pac\u00edfico tropical que perturba el ciclo habitual de las precipitaciones.<\/p>\n<p style=\"text-align: justify;\">En 2014, los expertos de la organizaci\u00f3n recuerdan, por ejemplo, que 12 grandes tormentas golpearon el Reino Unido entre enero y febrero: el invierno brit\u00e1nico fue el m\u00e1s lluvioso jam\u00e1s registrado, con precipitaciones correspondientes a 177% de la media.<\/p>\n<p style=\"text-align: justify;\">Concentraciones de gases de efecto invernadero, las m\u00e1s elevadas en 800.000 a\u00f1os. Seg\u00fan Michel Jarraud, secretario general de la OMM, \u00ablo que hemos visto en 2014 es coherente con lo que esperamos de un clima que est\u00e1 cambiando. R\u00e9cords de temperatura combinados con lluvias torrenciales destruyeron numerosos h\u00e1bitats y arruinaron vidas\u00bb, declar\u00f3 el responsable en un comunicado.<\/p>\n<p>\u00abLas emisiones de gas de efecto invernadero r\u00e9cord y las concentraciones atmosf\u00e9ricas que van a la par, llevan al planeta hacia un futuro m\u00e1s incierto e inh\u00f3spito\u00bb, coment\u00f3 Michel Jarraud.<\/p>\n<p>Este aumento de las concentraciones est\u00e1 alimentado por emisiones de gases de efecto invernadero (CO2, metano, prot\u00e1xido de nitr\u00f3geno) que no cesan de crecer (+2,2% en 2012), debido a actividades humanas (producci\u00f3n de energ\u00eda, deforestaci\u00f3n, agricultura, procesos industriales, etc.).<\/p>\n<p>Lo que est\u00e1 en juego en las negociaciones internacionales sobre el clima, que continuar\u00e1n hasta el 12 de diciembre en Lima, es alcanzar un acuerdo a finales de 2015 que comprometa a todos los pa\u00edses a una reducci\u00f3n de los gases de efecto invernadero para limitar los efectos del calentamiento global y los desajustes resultantes. AFP<\/p>\n","protected":false},"excerpt":{"rendered":"<p>Lima, 3 dic (AFP).- El a\u00f1o 2014 puede convertirse en el m\u00e1s caluroso desde que se recopilan datos si contin\u00faan<\/p>\n","protected":false},"author":1,"featured_media":0,"comment_status":"open","ping_status":"open","sticky":false,"template":"","format":"standard","meta":{"footnotes":""},"categories":[7],"tags":[],"_links":{"self":[{"href":"https:\/\/www.ecuadoraldia.com.ec\/index.php?rest_route=\/wp\/v2\/posts\/6316"}],"collection":[{"href":"https:\/\/www.ecuadoraldia.com.ec\/index.php?rest_route=\/wp\/v2\/posts"}],"about":[{"href":"https:\/\/www.ecuadoraldia.com.ec\/index.php?rest_route=\/wp\/v2\/types\/post"}],"author":[{"embeddable":true,"href":"https:\/\/www.ecuadoraldia.com.ec\/index.php?rest_route=\/wp\/v2\/users\/1"}],"replies":[{"embeddable":true,"href":"https:\/\/www.ecuadoraldia.com.ec\/index.php?rest_route=%2Fwp%2Fv2%2Fcomments&post=6316"}],"version-history":[{"count":1,"href":"https:\/\/www.ecuadoraldia.com.ec\/index.php?rest_route=\/wp\/v2\/posts\/6316\/revisions"}],"predecessor-version":[{"id":6318,"href":"https:\/\/www.ecuadoraldia.com.ec\/index.php?rest_route=\/wp\/v2\/posts\/6316\/revisions\/6318"}],"wp:attachment":[{"href":"https:\/\/www.ecuadoraldia.com.ec\/index.php?rest_route=%2Fwp%2Fv2%2Fmedia&parent=6316"}],"wp:term":[{"taxonomy":"category","embeddable":true,"href":"https:\/\/www.ecuadoraldia.com.ec\/index.php?rest_route=%2Fwp%2Fv2%2Fcategories&post=6316"},{"taxonomy":"post_tag","embeddable":true,"href":"https:\/\/www.ecuadoraldia.com.ec\/index.php?rest_route=%2Fwp%2Fv2%2Ftags&post=6316"}],"curies":[{"name":"wp","href":"https:\/\/api.w.org\/{rel}","templated":true}]}}