{"id":6319,"date":"2014-12-03T22:27:01","date_gmt":"2014-12-03T22:27:01","guid":{"rendered":"http:\/\/www.ecuadoraldia.com.ec\/?p=6319"},"modified":"2014-12-03T22:27:01","modified_gmt":"2014-12-03T22:27:01","slug":"andes-firma-acuerdo-de-cooperacion-informativa-con-la-agencia-italiana-agi","status":"publish","type":"post","link":"https:\/\/www.ecuadoraldia.com.ec\/?p=6319","title":{"rendered":"ANDES firma acuerdo de cooperaci\u00f3n informativa con la agencia italiana AGI"},"content":{"rendered":"<p style=\"text-align: justify;\"><a href=\"http:\/\/www.ecuadoraldia.com.ec\/wp-content\/uploads\/2014\/12\/agi_andes.jpg\"><img loading=\"lazy\" decoding=\"async\" class=\"alignleft size-medium wp-image-6320\" src=\"http:\/\/www.ecuadoraldia.com.ec\/wp-content\/uploads\/2014\/12\/agi_andes-300x187.jpg\" alt=\"agi_andes\" width=\"300\" height=\"187\" srcset=\"https:\/\/www.ecuadoraldia.com.ec\/wp-content\/uploads\/2014\/12\/agi_andes-300x187.jpg 300w, https:\/\/www.ecuadoraldia.com.ec\/wp-content\/uploads\/2014\/12\/agi_andes.jpg 320w\" sizes=\"(max-width: 300px) 100vw, 300px\" \/><\/a>Quito, 3 dic (Andes) \u2013 La agencia de noticias de Ecuador y Suram\u00e9rica, ANDES, y la Agenzia Giornalistica Italia, AGI, suscribieron este mi\u00e9rcoles un acuerdo de cooperaci\u00f3n que permitir\u00e1 el intercambio de informaci\u00f3n y la formaci\u00f3n profesional.<\/p>\n<p style=\"text-align: justify;\">Gianni Di Giovanni, delegado administrativo de la Agenzia Giornalistica Italia (AGI), destac\u00f3 que el acuerdo permitir\u00e1 la comprensi\u00f3n de temas de actualidad y estimular\u00e1 \u201cel debate constructivo del complejo, pero fascinante mundo de la informaci\u00f3n\u201d.<\/p>\n<p style=\"text-align: justify;\">En la firma del convenio estuvieron presentes el embajador de Italia en Ecuador, Gianni Picatto, el director editorial de AGI, Roberto Iadicicco, el gerente de Andes, Alexander Mart\u00ednez, el director editorial de la agencia p\u00fablica ecuatoriana, Andr\u00e9s Reliche.<\/p>\n<p style=\"text-align: justify;\">Como invitados especiales estuvieron el secretario de Comunicaci\u00f3n de la Presidencia de Ecuador, Fernando Alvarado, el subsecretario nacional de Comunicaci\u00f3n, Pablo Y\u00e1nez, y el presidente del Consejo de Regulaci\u00f3n y Desarrollo de la Informaci\u00f3n, Patricio Barriga.<\/p>\n<p style=\"text-align: justify;\">AGI es una de las agencias m\u00e1s antiguas de Italia, fue fundada en 1950, y tiene una planta de 200 periodistas en el pa\u00eds europeo y presencia de 50 corresponsales en el mundo.<\/p>\n<p style=\"text-align: justify;\">La agencia italiana desarrolla en la actualidad un plan de expansi\u00f3n internacional enfocada en \u00e1reas consideradas estrat\u00e9gicas entre las que est\u00e1n Rusia y Asia Oriental. En el caso de Sudam\u00e9rica eligi\u00f3 a Andes de Ecuador como punta de lanza para proyectarse en Am\u00e9rica Latina.<\/p>\n<p style=\"text-align: justify;\">El acuerdo entre AGI y Andes es el primero que la agencia italiana suscribe con un medio del continente.<\/p>\n<p style=\"text-align: justify;\">\u00bfPor qu\u00e9 Ecuador? Por su posici\u00f3n estrat\u00e9gica, su creciente econom\u00eda y sus instituciones din\u00e1micas es el socio ideal con quien enfrentar los retos globales de la informaci\u00f3n, abordar nuevos mercados, desarrollar nuevos lenguajes\u201d, explic\u00f3 Di Giovanni.<\/p>\n<p style=\"text-align: justify;\">\u201cEsta oportunidad de moldear el futuro, es real para AGI y ANDES en el sector de la informaci\u00f3n. Y es a\u00fan m\u00e1s real para Ecuador como pa\u00eds por su decisi\u00f3n de seguir un camino innovador en la nueva relaci\u00f3n entre las instituciones y los ciudadanos\u201d, a\u00f1adi\u00f3.<\/p>\n<p style=\"text-align: justify;\">Con m\u00e1s de 60 a\u00f1os de historia, 13 redacciones en Italia, corresponsales en Europa y en las principales \u00e1reas estrat\u00e9gicas del mundo. AGI es una de las principales agencias de noticias de Italia. En el centro de una red internacional de noticias, con una plataforma tecnol\u00f3gica de \u00faltima generaci\u00f3n en, procesos de gesti\u00f3n eficaces y un personal multicultural.<\/p>\n<p style=\"text-align: justify;\">Italia es de uno de los pa\u00edses de Europa, luego de Espa\u00f1a, donde se concentra una alta cantidad de migrantes ecuatorianos, entre 150 mil y 200 mil. En tanto, unos 20 mil italianos residen en Ecuador.<\/p>\n<p><iframe loading=\"lazy\" width=\"800\" height=\"450\" src=\"https:\/\/www.youtube.com\/embed\/rRtqRtfEIvQ?feature=oembed\" frameborder=\"0\" allowfullscreen><\/iframe><\/p>\n","protected":false},"excerpt":{"rendered":"<p>Quito, 3 dic (Andes) \u2013 La agencia de noticias de Ecuador y Suram\u00e9rica, ANDES, y la Agenzia Giornalistica Italia, AGI,<\/p>\n","protected":false},"author":1,"featured_media":0,"comment_status":"open","ping_status":"open","sticky":false,"template":"","format":"standard","meta":{"footnotes":""},"categories":[1],"tags":[],"_links":{"self":[{"href":"https:\/\/www.ecuadoraldia.com.ec\/index.php?rest_route=\/wp\/v2\/posts\/6319"}],"collection":[{"href":"https:\/\/www.ecuadoraldia.com.ec\/index.php?rest_route=\/wp\/v2\/posts"}],"about":[{"href":"https:\/\/www.ecuadoraldia.com.ec\/index.php?rest_route=\/wp\/v2\/types\/post"}],"author":[{"embeddable":true,"href":"https:\/\/www.ecuadoraldia.com.ec\/index.php?rest_route=\/wp\/v2\/users\/1"}],"replies":[{"embeddable":true,"href":"https:\/\/www.ecuadoraldia.com.ec\/index.php?rest_route=%2Fwp%2Fv2%2Fcomments&post=6319"}],"version-history":[{"count":1,"href":"https:\/\/www.ecuadoraldia.com.ec\/index.php?rest_route=\/wp\/v2\/posts\/6319\/revisions"}],"predecessor-version":[{"id":6321,"href":"https:\/\/www.ecuadoraldia.com.ec\/index.php?rest_route=\/wp\/v2\/posts\/6319\/revisions\/6321"}],"wp:attachment":[{"href":"https:\/\/www.ecuadoraldia.com.ec\/index.php?rest_route=%2Fwp%2Fv2%2Fmedia&parent=6319"}],"wp:term":[{"taxonomy":"category","embeddable":true,"href":"https:\/\/www.ecuadoraldia.com.ec\/index.php?rest_route=%2Fwp%2Fv2%2Fcategories&post=6319"},{"taxonomy":"post_tag","embeddable":true,"href":"https:\/\/www.ecuadoraldia.com.ec\/index.php?rest_route=%2Fwp%2Fv2%2Ftags&post=6319"}],"curies":[{"name":"wp","href":"https:\/\/api.w.org\/{rel}","templated":true}]}}