{"id":6322,"date":"2014-12-03T22:53:44","date_gmt":"2014-12-03T22:53:44","guid":{"rendered":"http:\/\/www.ecuadoraldia.com.ec\/?p=6322"},"modified":"2014-12-03T22:53:44","modified_gmt":"2014-12-03T22:53:44","slug":"machado-queda-en-libertad-tras-ser-acusada-de-conspirar-contra-maduro","status":"publish","type":"post","link":"https:\/\/www.ecuadoraldia.com.ec\/?p=6322","title":{"rendered":"Machado queda en libertad tras ser acusada de conspirar contra Maduro"},"content":{"rendered":"<figure id=\"attachment_6323\" aria-describedby=\"caption-attachment-6323\" style=\"width: 300px\" class=\"wp-caption alignleft\"><a href=\"http:\/\/www.ecuadoraldia.com.ec\/wp-content\/uploads\/2014\/12\/machado_libre_1.jpg\"><img loading=\"lazy\" decoding=\"async\" class=\"size-medium wp-image-6323\" src=\"http:\/\/www.ecuadoraldia.com.ec\/wp-content\/uploads\/2014\/12\/machado_libre_1-300x199.jpg\" alt=\"La opositora venezolana Mar\u00eda Corina Machado podr\u00eda ser condenada a 16 a\u00f1os de prisi\u00f3n. Foto: EFE\" width=\"300\" height=\"199\" srcset=\"https:\/\/www.ecuadoraldia.com.ec\/wp-content\/uploads\/2014\/12\/machado_libre_1-300x199.jpg 300w, https:\/\/www.ecuadoraldia.com.ec\/wp-content\/uploads\/2014\/12\/machado_libre_1.jpg 800w\" sizes=\"(max-width: 300px) 100vw, 300px\" \/><\/a><figcaption id=\"caption-attachment-6323\" class=\"wp-caption-text\">La opositora venezolana Mar\u00eda Corina Machado podr\u00eda ser condenada a 16 a\u00f1os de prisi\u00f3n. Foto: EFE<\/figcaption><\/figure>\n<p style=\"text-align: justify;\">Fuente: EFE. La opositora venezolana Mar\u00eda Corina Machado comenz\u00f3 el mi\u00e9rcoles una nueva cruzada judicial acusada de \u00abconspiraci\u00f3n\u00bb por un supuesto plan para asesinar al presidente de Venezuela, Nicol\u00e1s Maduro, un delito por el que podr\u00eda ser condenada a 16 a\u00f1os de prisi\u00f3n.<\/p>\n<p style=\"text-align: justify;\">Tras varios meses de investigaci\u00f3n, la Fiscal\u00eda formaliz\u00f3 la acusaci\u00f3n contra la opositora involucrada en el supuesto plan magnicida que inclu\u00eda a varios opositores y al embajador de Estados Unidos en Colombia, Kevin Whitaker.<\/p>\n<p>El Ministerio P\u00fablico se\u00f1al\u00f3 en un comunicado que la fiscal Katherine Harington imput\u00f3 a Machado por \u00abel delito de conspiraci\u00f3n, establecido y sancionado en el art\u00edculo 132 del C\u00f3digo Penal (venezolano)\u00bb.<\/p>\n<p>La opositora fue acusada \u00abpor presuntamente tener vinculaci\u00f3n con el plan magnicida contra el presidente de la Rep\u00fablica, Nicol\u00e1s Maduro Moros, lo cual ten\u00eda como prop\u00f3sito perturbar la paz del pa\u00eds\u00bb, dice el texto.<\/p>\n<p>Este delito establece que \u00abcualquiera que, dentro o fuera del territorio nacional, conspire para destruir la forma pol\u00edtica republicana que se ha dado la naci\u00f3n ser\u00e1 castigado con presidio de ocho a diecis\u00e9is a\u00f1os\u00bb.<\/p>\n<p>Por estos mismos hechos tienen \u00f3rdenes de aprehensi\u00f3n los opositores Henrique Salas R\u00f6mer, Diego Arria, Ricardo Emilio Koesling, Gustavo Tarre Brice\u00f1o, Pedro Mario Burelli y Robert Alonso, quienes est\u00e1n fuera del pa\u00eds.<\/p>\n<p>El plan para asesinar a Maduro fue denunciado a finales de mayo por el dirigente del gobernante Partido Socialista Unido de Venezuela (PSUV) y alcalde de Caracas, Jorge Rodr\u00edguez, que mostr\u00f3 varios correos atribuidos a Machado en los que la exdiputada dec\u00eda que hab\u00eda llegado la hora de acumular esfuerzos y obtener \u00abel financiamiento para aniquilar a Maduro\u00bb.<\/p>\n<p>Poco despu\u00e9s la misma Machado reconoci\u00f3 que los correos correspond\u00edan a sus cuentas, pero asegur\u00f3 que ya no usaba esas direcciones y que ella no quer\u00eda ni un magnicidio ni un golpe de Estado sino la renuncia de Maduro.<\/p>\n<p>El d\u00eda que fueron revelados los supuestos correos y el plan magnicida, Maduro pidi\u00f3 una justicia \u00abcompleta\u00bb ante los supuestos planes de magnicidio y golpe de Estado.<\/p>\n<p>\u00abEsto hay que castigarlo, tantas conspiraciones, intentos de golpes de Estado, de magnicidio, comprobados ya\u00bb, dijo al tiempo que pidi\u00f3 a Estados Unidos que responda ante su supuesta relaci\u00f3n en estos planes.<\/p>\n<p>Machado, conocida por ser una de las mayores detractoras de Maduro, asegur\u00f3, al salir de la sede de la Fiscal\u00eda tras m\u00e1s de dos horas de comparecencia, que la acusaci\u00f3n se trata de una \u00abinfamia\u00bb y que las pruebas presentadas son falsas que buscan acallar sus cr\u00edticas contra el Gobierno.<\/p>\n<p>\u00abSi creen que con amenazas con chantajes, con presiones nos van a acallar, se equivocan, no tengo miedo no podemos tener miedo, somos una enorme mayor\u00eda que quiere un cambio profundo\u00bb, asever\u00f3 la opositora.<\/p>\n<p>El abogado encargado de su defensa, Tom\u00e1s Arias, explico a Efe que en esta ocasi\u00f3n \u00abno se le dict\u00f3 ninguna medida adicional que restrinja su libertad\u00bb, distinta a la que ya pesa sobre la diputada por imputaciones anteriores.<\/p>\n<p>Machado ya hab\u00eda declarado en junio durante m\u00e1s de seis horas por este mismo delito, citada por la Fiscal\u00eda, en esa oportunidad, en calidad de testigo.<\/p>\n<p>La opositora ya hab\u00eda sido acusada el pasado 18 de junio por el delito de \u00abinstigaci\u00f3n p\u00fablica\u00bb, por su supuesta participaci\u00f3n en la violencia de las protestas antigubernamentales que se iniciaron en febrero y que acabaron en junio con m\u00e1s de 40 muertos.<\/p>\n<p>Con esa acusaci\u00f3n fue dictada la prohibici\u00f3n de salida del pa\u00eds de la pol\u00edtica opositora.<\/p>\n<p>Machado lider\u00f3 junto al opositor encarcelado Leopoldo L\u00f3pez una campa\u00f1a llamada \u00abLa Salida\u00bb que promov\u00eda asambleas de calle y protestas contra las pol\u00edticas de Maduro.<\/p>\n<p>Con anterioridad a la publicaci\u00f3n de los supuestos correos que le implicaban en el magnicidio, Machado fue despojada de su condici\u00f3n de diputada despu\u00e9s de que intentara participar en una sesi\u00f3n de la Organizaci\u00f3n de Estados Americanos (OEA) como parte de la representaci\u00f3n de Panam\u00e1 para denunciar la situaci\u00f3n de vulneraci\u00f3n de los derechos humanos que, asegura, vive el pa\u00eds suramericano.<\/p>\n<p>A su regreso al pa\u00eds, a finales de marzo, el presidente del parlamento venezolano, Diosdado Cabello, anunci\u00f3 que Machado hab\u00eda perdido su condici\u00f3n de diputada por aceptar el cargo paname\u00f1o, lo que afirm\u00f3 que contraven\u00eda su obligaci\u00f3n de dedicaci\u00f3n exclusiva como legisladora.<\/p>\n","protected":false},"excerpt":{"rendered":"<p>Fuente: EFE. La opositora venezolana Mar\u00eda Corina Machado comenz\u00f3 el mi\u00e9rcoles una nueva cruzada judicial acusada de \u00abconspiraci\u00f3n\u00bb por un<\/p>\n","protected":false},"author":1,"featured_media":0,"comment_status":"open","ping_status":"open","sticky":false,"template":"","format":"standard","meta":{"footnotes":""},"categories":[7],"tags":[],"_links":{"self":[{"href":"https:\/\/www.ecuadoraldia.com.ec\/index.php?rest_route=\/wp\/v2\/posts\/6322"}],"collection":[{"href":"https:\/\/www.ecuadoraldia.com.ec\/index.php?rest_route=\/wp\/v2\/posts"}],"about":[{"href":"https:\/\/www.ecuadoraldia.com.ec\/index.php?rest_route=\/wp\/v2\/types\/post"}],"author":[{"embeddable":true,"href":"https:\/\/www.ecuadoraldia.com.ec\/index.php?rest_route=\/wp\/v2\/users\/1"}],"replies":[{"embeddable":true,"href":"https:\/\/www.ecuadoraldia.com.ec\/index.php?rest_route=%2Fwp%2Fv2%2Fcomments&post=6322"}],"version-history":[{"count":1,"href":"https:\/\/www.ecuadoraldia.com.ec\/index.php?rest_route=\/wp\/v2\/posts\/6322\/revisions"}],"predecessor-version":[{"id":6324,"href":"https:\/\/www.ecuadoraldia.com.ec\/index.php?rest_route=\/wp\/v2\/posts\/6322\/revisions\/6324"}],"wp:attachment":[{"href":"https:\/\/www.ecuadoraldia.com.ec\/index.php?rest_route=%2Fwp%2Fv2%2Fmedia&parent=6322"}],"wp:term":[{"taxonomy":"category","embeddable":true,"href":"https:\/\/www.ecuadoraldia.com.ec\/index.php?rest_route=%2Fwp%2Fv2%2Fcategories&post=6322"},{"taxonomy":"post_tag","embeddable":true,"href":"https:\/\/www.ecuadoraldia.com.ec\/index.php?rest_route=%2Fwp%2Fv2%2Ftags&post=6322"}],"curies":[{"name":"wp","href":"https:\/\/api.w.org\/{rel}","templated":true}]}}