{"id":6326,"date":"2014-12-04T17:52:34","date_gmt":"2014-12-04T17:52:34","guid":{"rendered":"http:\/\/www.ecuadoraldia.com.ec\/?p=6326"},"modified":"2014-12-04T17:52:34","modified_gmt":"2014-12-04T17:52:34","slug":"arrestado-policia-por-filtrar-informacion-a-farc-en-ataque-a-isla-colombiana","status":"publish","type":"post","link":"https:\/\/www.ecuadoraldia.com.ec\/?p=6326","title":{"rendered":"Arrestado polic\u00eda por filtrar informaci\u00f3n a FARC en ataque a isla colombiana"},"content":{"rendered":"<p><a href=\"http:\/\/www.ecuadoraldia.com.ec\/wp-content\/uploads\/2014\/12\/rodolfo_palomino_16.jpg\"><img loading=\"lazy\" decoding=\"async\" class=\"alignleft size-medium wp-image-6327\" src=\"http:\/\/www.ecuadoraldia.com.ec\/wp-content\/uploads\/2014\/12\/rodolfo_palomino_16-300x199.jpg\" alt=\"rodolfo_palomino_16\" width=\"300\" height=\"199\" srcset=\"https:\/\/www.ecuadoraldia.com.ec\/wp-content\/uploads\/2014\/12\/rodolfo_palomino_16-300x199.jpg 300w, https:\/\/www.ecuadoraldia.com.ec\/wp-content\/uploads\/2014\/12\/rodolfo_palomino_16.jpg 640w\" sizes=\"(max-width: 300px) 100vw, 300px\" \/><\/a>Bogot\u00e1, 4 dic (EFE).- Un agente de la Polic\u00eda colombiana fue arrestado hoy por filtrar informaci\u00f3n a las FARC, lo que permiti\u00f3 a los guerrilleros atacar el pasado 22 de noviembre la tur\u00edstica isla de Gorgona, situada en el Pac\u00edfico, inform\u00f3 hoy el director general de la instituci\u00f3n, general Rodolfo Palomino.<\/p>\n<p>En un breve comunicado el m\u00e1ximo l\u00edder de la Polic\u00eda inform\u00f3 que el arrestado es un intendente, si bien no facilit\u00f3 su nombre, y anunci\u00f3 que tendr\u00e1 que responder por una eventual fuga de informaci\u00f3n hacia las FARC que facilit\u00f3 el ataque de los guerrilleros.<\/p>\n<p>En caso de que sea hallado culpable, Palomino afirm\u00f3 que espera que \u00absu accionar traicionero y desleal con los miles de polic\u00edas que entregan hasta su vida por Colombia\u00bb sea castigado.<\/p>\n<p>El ataque fue perpetrado el pasado 22 de noviembre cuando un grupo de guerrilleros se desplazaron hasta la isla, situada a 35 kil\u00f3metros de la costa pac\u00edfica, y atacaron el puesto policial de la \u00ednsula.<\/p>\n<p>En el ataque a los agentes, cuya misi\u00f3n es acompa\u00f1ar a los turistas que visitan Gorgona, muri\u00f3 el teniente John Su\u00e1rez Carvajal y resultaron heridos cuatro polic\u00edas.<\/p>\n<p>La Gorgona fue el siglo pasado la prisi\u00f3n m\u00e1s temida de Colombia y all\u00ed eran enviados los delincuentes m\u00e1s peligrosos del pa\u00eds hasta que en 1985 el Gobierno decidi\u00f3 cerrar la c\u00e1rcel y convertirla en parque natural. EFE<\/p>\n","protected":false},"excerpt":{"rendered":"<p>Bogot\u00e1, 4 dic (EFE).- Un agente de la Polic\u00eda colombiana fue arrestado hoy por filtrar informaci\u00f3n a las FARC, lo<\/p>\n","protected":false},"author":1,"featured_media":0,"comment_status":"open","ping_status":"open","sticky":false,"template":"","format":"standard","meta":{"footnotes":""},"categories":[7],"tags":[],"_links":{"self":[{"href":"https:\/\/www.ecuadoraldia.com.ec\/index.php?rest_route=\/wp\/v2\/posts\/6326"}],"collection":[{"href":"https:\/\/www.ecuadoraldia.com.ec\/index.php?rest_route=\/wp\/v2\/posts"}],"about":[{"href":"https:\/\/www.ecuadoraldia.com.ec\/index.php?rest_route=\/wp\/v2\/types\/post"}],"author":[{"embeddable":true,"href":"https:\/\/www.ecuadoraldia.com.ec\/index.php?rest_route=\/wp\/v2\/users\/1"}],"replies":[{"embeddable":true,"href":"https:\/\/www.ecuadoraldia.com.ec\/index.php?rest_route=%2Fwp%2Fv2%2Fcomments&post=6326"}],"version-history":[{"count":1,"href":"https:\/\/www.ecuadoraldia.com.ec\/index.php?rest_route=\/wp\/v2\/posts\/6326\/revisions"}],"predecessor-version":[{"id":6328,"href":"https:\/\/www.ecuadoraldia.com.ec\/index.php?rest_route=\/wp\/v2\/posts\/6326\/revisions\/6328"}],"wp:attachment":[{"href":"https:\/\/www.ecuadoraldia.com.ec\/index.php?rest_route=%2Fwp%2Fv2%2Fmedia&parent=6326"}],"wp:term":[{"taxonomy":"category","embeddable":true,"href":"https:\/\/www.ecuadoraldia.com.ec\/index.php?rest_route=%2Fwp%2Fv2%2Fcategories&post=6326"},{"taxonomy":"post_tag","embeddable":true,"href":"https:\/\/www.ecuadoraldia.com.ec\/index.php?rest_route=%2Fwp%2Fv2%2Ftags&post=6326"}],"curies":[{"name":"wp","href":"https:\/\/api.w.org\/{rel}","templated":true}]}}