{"id":6335,"date":"2014-12-05T14:32:30","date_gmt":"2014-12-05T14:32:30","guid":{"rendered":"http:\/\/www.ecuadoraldia.com.ec\/?p=6335"},"modified":"2014-12-05T14:32:30","modified_gmt":"2014-12-05T14:32:30","slug":"uruguay-asume-presidencia-pro-tempore-de-unasur","status":"publish","type":"post","link":"https:\/\/www.ecuadoraldia.com.ec\/?p=6335","title":{"rendered":"Uruguay asume presidencia pro t\u00e9mpore de Unasur"},"content":{"rendered":"<p><a href=\"http:\/\/www.ecuadoraldia.com.ec\/wp-content\/uploads\/2014\/12\/Uruguay-asume-unasur.jpg\"><img loading=\"lazy\" decoding=\"async\" class=\"alignleft size-medium wp-image-6336\" src=\"http:\/\/www.ecuadoraldia.com.ec\/wp-content\/uploads\/2014\/12\/Uruguay-asume-unasur-300x171.jpg\" alt=\"Uruguay asume unasur\" width=\"300\" height=\"171\" srcset=\"https:\/\/www.ecuadoraldia.com.ec\/wp-content\/uploads\/2014\/12\/Uruguay-asume-unasur-300x171.jpg 300w, https:\/\/www.ecuadoraldia.com.ec\/wp-content\/uploads\/2014\/12\/Uruguay-asume-unasur.jpg 642w\" sizes=\"(max-width: 300px) 100vw, 300px\" \/><\/a>En la sesi\u00f3n de la Cumbre Unasur, que se realiz\u00f3 este jueves en el Centro C\u00edvico de Guayaquil, se cumpli\u00f3 el traspaso de la presidencia pro tempore del grupo regional a Uruguay.<\/p>\n<p>El presidente de Surinam, Desi Bourtese, lleg\u00f3 hoy a esta ciudad ecuatoriana para participar en la Cumbre de la Uni\u00f3n de Naciones Suramericanas (Unasur). Tras un discurso donde realiz\u00f3 un informe de su gesti\u00f3n, le cedi\u00f3 su asiento de presidencia a Jos\u00e9 Mujica, a\u00fan presidente de Uruguay.<\/p>\n<p>Tras su llegada, Bourtese agradeci\u00f3 al Gobierno y el pueblo ecuatorianos por acoger la cita presidencial de los pa\u00edses que conforman Unasur.<\/p>\n<p>Con la Cumbre en Ecuador, Unasur pretende \u00abrelanzar\u00bb el proceso de integraci\u00f3n del subcontinente, seg\u00fan ha comentado su secretario general, el colombiano Ernesto Samper.<\/p>\n<p>Ma\u00f1ana, en Quito, concluir\u00e1 la Cumbre y se inaugurar\u00e1 la sede de la Secretar\u00eda General de Unasur en el complejo Mitad del Mundo, a unos 14 kil\u00f3metros al norte de Quito. No asistir\u00e1n a Quito la presidenta de Chile, Michelle Bachelet; ni el presidente de Per\u00fa, Ollanta Humala.<\/p>\n<p>Argentina, Bolivia, Brasil, Colombia, Chile, Ecuador, Guyana, Paraguay, Per\u00fa, Surinam, Uruguay y Venezuela conforman el grupo que durante estos d\u00edas ha ahondado en que es preciso luchar por la integraci\u00f3n.<\/p>\n<p>Adem\u00e1s de Bachelet se encuentran ya en Guayaquil, donde tiene lugar la primera jornada de la cumbre, los presidentes Jos\u00e9 Mujica, de Uruguay, Nicol\u00e1s Maduro, de Venezuela, Ollanta Humala, de Per\u00fa, y Cristina Fern\u00e1ndez, de Argentina, adem\u00e1s del anfitri\u00f3n, Rafael Correa.<\/p>\n<p>Antes de la cumbre, se reunieron a puerta cerrada en Guayaquil los cancilleres de la Unasur.<\/p>\n<p>Palabras del anfitri\u00f3n<\/p>\n<p>\u00abEn Unasur somos 500 millones de personas. Con solo unirnos podr\u00edamos conformar la cuarta econom\u00eda m\u00e1s grande del mundo\u00bb, dijo durante la apertura de la Cumbre de Unasur en Guayaquil el presidente de Ecuador, Rafael Correa.<\/p>\n<p>Rafael Correa plante\u00f3 la necesidad de revisar los estatutos de la Uni\u00f3n de Naciones Suramericanas y de reflexionar sobre la institucionalidad de ese organismo, que calific\u00f3 de \u00ababsolutamente disfuncional\u00bb.<\/p>\n<p>Correa lanz\u00f3 esta propuesta en la apertura de la cumbre del grupo pocos momentos antes de que Surinam transfiriera la presidencia de turno a Uruguay, donde adem\u00e1s se rindi\u00f3 homenaje al presidente de ese pa\u00eds, Jos\u00e9 Mujica, en la fase final de su mandato.<\/p>\n<p>El mandatario ecuatoriano en su discurso de bienvenida subray\u00f3 que en la Unasur todo \u00abdebe decidirse por consenso\u00bb y abog\u00f3 por establecer un nuevo sistema en el que las decisiones importantes puedan ser aprobadas por mayor\u00eda cualificada. Tambi\u00e9n critic\u00f3 la existencia de veto en el organismo y consider\u00f3 que es \u00abla mejor forma de no avanzar\u00bb. (El Universo)<\/p>\n","protected":false},"excerpt":{"rendered":"<p>En la sesi\u00f3n de la Cumbre Unasur, que se realiz\u00f3 este jueves en el Centro C\u00edvico de Guayaquil, se cumpli\u00f3<\/p>\n","protected":false},"author":1,"featured_media":0,"comment_status":"open","ping_status":"open","sticky":false,"template":"","format":"standard","meta":{"footnotes":""},"categories":[3],"tags":[],"_links":{"self":[{"href":"https:\/\/www.ecuadoraldia.com.ec\/index.php?rest_route=\/wp\/v2\/posts\/6335"}],"collection":[{"href":"https:\/\/www.ecuadoraldia.com.ec\/index.php?rest_route=\/wp\/v2\/posts"}],"about":[{"href":"https:\/\/www.ecuadoraldia.com.ec\/index.php?rest_route=\/wp\/v2\/types\/post"}],"author":[{"embeddable":true,"href":"https:\/\/www.ecuadoraldia.com.ec\/index.php?rest_route=\/wp\/v2\/users\/1"}],"replies":[{"embeddable":true,"href":"https:\/\/www.ecuadoraldia.com.ec\/index.php?rest_route=%2Fwp%2Fv2%2Fcomments&post=6335"}],"version-history":[{"count":1,"href":"https:\/\/www.ecuadoraldia.com.ec\/index.php?rest_route=\/wp\/v2\/posts\/6335\/revisions"}],"predecessor-version":[{"id":6337,"href":"https:\/\/www.ecuadoraldia.com.ec\/index.php?rest_route=\/wp\/v2\/posts\/6335\/revisions\/6337"}],"wp:attachment":[{"href":"https:\/\/www.ecuadoraldia.com.ec\/index.php?rest_route=%2Fwp%2Fv2%2Fmedia&parent=6335"}],"wp:term":[{"taxonomy":"category","embeddable":true,"href":"https:\/\/www.ecuadoraldia.com.ec\/index.php?rest_route=%2Fwp%2Fv2%2Fcategories&post=6335"},{"taxonomy":"post_tag","embeddable":true,"href":"https:\/\/www.ecuadoraldia.com.ec\/index.php?rest_route=%2Fwp%2Fv2%2Ftags&post=6335"}],"curies":[{"name":"wp","href":"https:\/\/api.w.org\/{rel}","templated":true}]}}