{"id":6338,"date":"2014-12-05T14:33:45","date_gmt":"2014-12-05T14:33:45","guid":{"rendered":"http:\/\/www.ecuadoraldia.com.ec\/?p=6338"},"modified":"2014-12-05T21:13:17","modified_gmt":"2014-12-05T21:13:17","slug":"jefe-policial-ordeno-ataque-a-periodista","status":"publish","type":"post","link":"https:\/\/www.ecuadoraldia.com.ec\/?p=6338","title":{"rendered":"Jefe policial orden\u00f3 ataque a periodista"},"content":{"rendered":"<p style=\"text-align: justify;\"><a href=\"http:\/\/www.ecuadoraldia.com.ec\/wp-content\/uploads\/2014\/12\/periodista-agredidamx1.jpg\"><img loading=\"lazy\" decoding=\"async\" class=\"alignleft size-medium wp-image-6350\" src=\"http:\/\/www.ecuadoraldia.com.ec\/wp-content\/uploads\/2014\/12\/periodista-agredidamx1-300x254.jpg\" alt=\"periodista-agredidamx\" width=\"300\" height=\"254\" srcset=\"https:\/\/www.ecuadoraldia.com.ec\/wp-content\/uploads\/2014\/12\/periodista-agredidamx1-300x254.jpg 300w, https:\/\/www.ecuadoraldia.com.ec\/wp-content\/uploads\/2014\/12\/periodista-agredidamx1.jpg 307w\" sizes=\"(max-width: 300px) 100vw, 300px\" \/><\/a>AP. M\u00e9xico. Autoridades estatales acusaron a un jefe policial municipal de ordenar el reciente ataque a una periodista de un diario del centro de M\u00e9xico, quien fue golpeada por tres hombres dentro de la redacci\u00f3n de su peri\u00f3dico.<\/p>\n<p style=\"text-align: justify;\">La Procuradur\u00eda de Justicia del estado central de Guanajuato inform\u00f3 en un comunicado que detuvo a dos de los presuntos agresores de Karla Janeth Silva, reportera del diario El Heraldo de Le\u00f3n, y que de las investigaciones se desprendi\u00f3 que detr\u00e1s del ataque est\u00e1 el director de la Polic\u00eda del municipio de Silao, Nicasio Aguirre.<\/p>\n<p style=\"text-align: justify;\">La dependencia estatal se\u00f1al\u00f3 que el jefe policial est\u00e1 pr\u00f3fugo y ya se lo busca. En la alcald\u00eda de Silao no contestaron a llamadas para conocer su opini\u00f3n sobre el reporte de la Procuradur\u00eda estatal.<\/p>\n","protected":false},"excerpt":{"rendered":"<p>AP. M\u00e9xico. Autoridades estatales acusaron a un jefe policial municipal de ordenar el reciente ataque a una periodista de un<\/p>\n","protected":false},"author":1,"featured_media":0,"comment_status":"open","ping_status":"open","sticky":false,"template":"","format":"standard","meta":{"footnotes":""},"categories":[7],"tags":[],"_links":{"self":[{"href":"https:\/\/www.ecuadoraldia.com.ec\/index.php?rest_route=\/wp\/v2\/posts\/6338"}],"collection":[{"href":"https:\/\/www.ecuadoraldia.com.ec\/index.php?rest_route=\/wp\/v2\/posts"}],"about":[{"href":"https:\/\/www.ecuadoraldia.com.ec\/index.php?rest_route=\/wp\/v2\/types\/post"}],"author":[{"embeddable":true,"href":"https:\/\/www.ecuadoraldia.com.ec\/index.php?rest_route=\/wp\/v2\/users\/1"}],"replies":[{"embeddable":true,"href":"https:\/\/www.ecuadoraldia.com.ec\/index.php?rest_route=%2Fwp%2Fv2%2Fcomments&post=6338"}],"version-history":[{"count":2,"href":"https:\/\/www.ecuadoraldia.com.ec\/index.php?rest_route=\/wp\/v2\/posts\/6338\/revisions"}],"predecessor-version":[{"id":6351,"href":"https:\/\/www.ecuadoraldia.com.ec\/index.php?rest_route=\/wp\/v2\/posts\/6338\/revisions\/6351"}],"wp:attachment":[{"href":"https:\/\/www.ecuadoraldia.com.ec\/index.php?rest_route=%2Fwp%2Fv2%2Fmedia&parent=6338"}],"wp:term":[{"taxonomy":"category","embeddable":true,"href":"https:\/\/www.ecuadoraldia.com.ec\/index.php?rest_route=%2Fwp%2Fv2%2Fcategories&post=6338"},{"taxonomy":"post_tag","embeddable":true,"href":"https:\/\/www.ecuadoraldia.com.ec\/index.php?rest_route=%2Fwp%2Fv2%2Ftags&post=6338"}],"curies":[{"name":"wp","href":"https:\/\/api.w.org\/{rel}","templated":true}]}}