{"id":6347,"date":"2014-12-05T21:10:37","date_gmt":"2014-12-05T21:10:37","guid":{"rendered":"http:\/\/www.ecuadoraldia.com.ec\/?p=6347"},"modified":"2014-12-05T21:10:37","modified_gmt":"2014-12-05T21:10:37","slug":"correa-quito-ahora-es-capital-del-sur-con-la-sede-unasur","status":"publish","type":"post","link":"https:\/\/www.ecuadoraldia.com.ec\/?p=6347","title":{"rendered":"Correa: \u00abQuito, ahora es capital del sur\u00bb con la sede Unasur"},"content":{"rendered":"<p style=\"text-align: justify;\"><a href=\"http:\/\/www.ecuadoraldia.com.ec\/wp-content\/uploads\/2014\/12\/unasurquito.jpg\"><img loading=\"lazy\" decoding=\"async\" class=\"alignleft size-medium wp-image-6348\" src=\"http:\/\/www.ecuadoraldia.com.ec\/wp-content\/uploads\/2014\/12\/unasurquito-300x217.jpg\" alt=\"POL ACT UNASUR MESIAS ECU RECORRIDO OFICIAL EDIFICIO UNASUR SEDE QUITO 05 DICIEMBRE 2014 Quito 05 dic 2014.- El Presidente Rafael Correa Delgado recorri\u00f3 las nuevas instalaciones de la Sede de Unasur con las Jefas y Jefes de Estado. Tomada de Flickr  \/ Presidencia de la Rep\u00fablica.\" width=\"300\" height=\"217\" srcset=\"https:\/\/www.ecuadoraldia.com.ec\/wp-content\/uploads\/2014\/12\/unasurquito-300x217.jpg 300w, https:\/\/www.ecuadoraldia.com.ec\/wp-content\/uploads\/2014\/12\/unasurquito.jpg 312w\" sizes=\"(max-width: 300px) 100vw, 300px\" \/><\/a>El presidente Rafael Correa calific\u00f3 como un \u00abd\u00eda hist\u00f3rico para sudam\u00e9rica y el planeta entero\u00bb a la inauguraci\u00f3n de la sede de la Uni\u00f3n de Naciones Suramericanas (Unasur), que se encuentra en la Mitad del Mundo (noroccidente de Quito).<\/p>\n<p style=\"text-align: justify;\">Correa se\u00f1al\u00f3 que el desarrollo es un problema esencialmente pol\u00edtico y \u00abdepende de quien manda en la sociedad: elites o grandes mayor\u00edas, el mercado o sociedad\u00bb.<\/p>\n<p style=\"text-align: justify;\">Dijo que los Jefes de Estado est\u00e1n obligado a honrar el hero\u00edsmo y consolidar la integraci\u00f3n. \u00abEstamos urgidos de unidad e integraci\u00f3n, nuestro norte debe ser el sur\u00bb, agreg\u00f3.<\/p>\n<p style=\"text-align: justify;\">El Mandatario ecuatoriano se\u00f1al\u00f3 que una prioridad es la ciudadan\u00eda sudamericana<\/p>\n<p style=\"text-align: justify;\">Insisti\u00f3 en la necesidad de la paz en Colombia, \u00abpresidente Santos, el coraz\u00f3n de sudamericana est\u00e1con usted, esperamos que pronto cese la violencia en Colombia\u00bb.<\/p>\n<p style=\"text-align: justify;\">Afirm\u00f3 que la pobreza no es fruto de escasez de recursos, sino por sistemas injustos e incluyentes.<\/p>\n<p style=\"text-align: justify;\">Record\u00f3 que si los pa\u00edses de Unasur se unen lograr\u00edan formar la cuarta econom\u00eda m\u00e1s fuerte de Sudam\u00e9rica.<\/p>\n<p style=\"text-align: justify;\">\u00abUnidos tambi\u00e9n podemos proteger a nuestros pueblos de un orden que no solo es injusto sino inmoral\u00bb, dijo.<\/p>\n","protected":false},"excerpt":{"rendered":"<p>El presidente Rafael Correa calific\u00f3 como un \u00abd\u00eda hist\u00f3rico para sudam\u00e9rica y el planeta entero\u00bb a la inauguraci\u00f3n de la<\/p>\n","protected":false},"author":1,"featured_media":0,"comment_status":"open","ping_status":"open","sticky":false,"template":"","format":"standard","meta":{"footnotes":""},"categories":[1],"tags":[],"_links":{"self":[{"href":"https:\/\/www.ecuadoraldia.com.ec\/index.php?rest_route=\/wp\/v2\/posts\/6347"}],"collection":[{"href":"https:\/\/www.ecuadoraldia.com.ec\/index.php?rest_route=\/wp\/v2\/posts"}],"about":[{"href":"https:\/\/www.ecuadoraldia.com.ec\/index.php?rest_route=\/wp\/v2\/types\/post"}],"author":[{"embeddable":true,"href":"https:\/\/www.ecuadoraldia.com.ec\/index.php?rest_route=\/wp\/v2\/users\/1"}],"replies":[{"embeddable":true,"href":"https:\/\/www.ecuadoraldia.com.ec\/index.php?rest_route=%2Fwp%2Fv2%2Fcomments&post=6347"}],"version-history":[{"count":1,"href":"https:\/\/www.ecuadoraldia.com.ec\/index.php?rest_route=\/wp\/v2\/posts\/6347\/revisions"}],"predecessor-version":[{"id":6349,"href":"https:\/\/www.ecuadoraldia.com.ec\/index.php?rest_route=\/wp\/v2\/posts\/6347\/revisions\/6349"}],"wp:attachment":[{"href":"https:\/\/www.ecuadoraldia.com.ec\/index.php?rest_route=%2Fwp%2Fv2%2Fmedia&parent=6347"}],"wp:term":[{"taxonomy":"category","embeddable":true,"href":"https:\/\/www.ecuadoraldia.com.ec\/index.php?rest_route=%2Fwp%2Fv2%2Fcategories&post=6347"},{"taxonomy":"post_tag","embeddable":true,"href":"https:\/\/www.ecuadoraldia.com.ec\/index.php?rest_route=%2Fwp%2Fv2%2Ftags&post=6347"}],"curies":[{"name":"wp","href":"https:\/\/api.w.org\/{rel}","templated":true}]}}