{"id":6370,"date":"2014-12-05T22:46:00","date_gmt":"2014-12-05T22:46:00","guid":{"rendered":"http:\/\/www.ecuadoraldia.com.ec\/?p=6370"},"modified":"2014-12-05T22:46:00","modified_gmt":"2014-12-05T22:46:00","slug":"crisanto-cobena-y-jorge-moreira-ganan-el-campeonato-mundial-de-40","status":"publish","type":"post","link":"https:\/\/www.ecuadoraldia.com.ec\/?p=6370","title":{"rendered":"Crisanto Cobe\u00f1a y Jorge Moreira ganan el &#8216;Campeonato Mundial de 40&#8217;"},"content":{"rendered":"<p style=\"text-align: justify;\"><a href=\"http:\/\/www.ecuadoraldia.com.ec\/wp-content\/uploads\/2014\/12\/40.jpg\"><img loading=\"lazy\" decoding=\"async\" class=\"alignleft size-medium wp-image-6371\" src=\"http:\/\/www.ecuadoraldia.com.ec\/wp-content\/uploads\/2014\/12\/40-300x200.jpg\" alt=\"40\" width=\"300\" height=\"200\" srcset=\"https:\/\/www.ecuadoraldia.com.ec\/wp-content\/uploads\/2014\/12\/40-300x200.jpg 300w, https:\/\/www.ecuadoraldia.com.ec\/wp-content\/uploads\/2014\/12\/40.jpg 580w\" sizes=\"(max-width: 300px) 100vw, 300px\" \/><\/a>Quito, 5 dic (Andes).- Como parte de la celebraci\u00f3n por los 480 a\u00f1os de fundaci\u00f3n de Quito, la Asociaci\u00f3n de Periodistas Deportivos de Pichincha (APDP) organiz\u00f3 el &#8216;Campeonato Mundial de 40&#8217;, un juego de baraja donde la chispa y astucia priman para vencer.<\/p>\n<p style=\"text-align: justify;\">El torneo, que aunque se denomina &#8216;mundial&#8217; solo tiene participaci\u00f3n ecuatoriana, fue ganado por los guayaquile\u00f1os Crisanto Cobe\u00f1a y Jorge Moreira, los cuales triunfaron en dos rondas por 40-10 y 40-10 a sus coterr\u00e1neos de la provincia del Guayas, Stalin Herrera y Cl\u00e9ver Holgu\u00edn.<\/p>\n<p style=\"text-align: justify;\">La superioridad de los campeones, que se llevaron 2.000 d\u00f3lares del premio entregado por la empresa Imax-Cinem\u00e1tica, fue aplaudida por los presentes, que antes disfrutaron de un show musical y de comedia.<\/p>\n<p style=\"text-align: justify;\">El presidente de la APDP, Jos\u00e9 \u2018Pepe\u2019 Granizo, agradeci\u00f3 a los auspiciantes, socios y participantes que \u201cpermitieron continuar con una tradici\u00f3n tan quite\u00f1a como sus fiestas\u201d, dijo en el sal\u00f3n principal del hotel Quito.<\/p>\n<p style=\"text-align: justify;\">Los subcampeones Herrera y Holgu\u00edn recibieron 1.000 d\u00f3lares como premio. En el campeonato participaron 96 parejas.<\/p>\n","protected":false},"excerpt":{"rendered":"<p>Quito, 5 dic (Andes).- Como parte de la celebraci\u00f3n por los 480 a\u00f1os de fundaci\u00f3n de Quito, la Asociaci\u00f3n de<\/p>\n","protected":false},"author":1,"featured_media":0,"comment_status":"open","ping_status":"open","sticky":false,"template":"","format":"standard","meta":{"footnotes":""},"categories":[14],"tags":[],"_links":{"self":[{"href":"https:\/\/www.ecuadoraldia.com.ec\/index.php?rest_route=\/wp\/v2\/posts\/6370"}],"collection":[{"href":"https:\/\/www.ecuadoraldia.com.ec\/index.php?rest_route=\/wp\/v2\/posts"}],"about":[{"href":"https:\/\/www.ecuadoraldia.com.ec\/index.php?rest_route=\/wp\/v2\/types\/post"}],"author":[{"embeddable":true,"href":"https:\/\/www.ecuadoraldia.com.ec\/index.php?rest_route=\/wp\/v2\/users\/1"}],"replies":[{"embeddable":true,"href":"https:\/\/www.ecuadoraldia.com.ec\/index.php?rest_route=%2Fwp%2Fv2%2Fcomments&post=6370"}],"version-history":[{"count":1,"href":"https:\/\/www.ecuadoraldia.com.ec\/index.php?rest_route=\/wp\/v2\/posts\/6370\/revisions"}],"predecessor-version":[{"id":6372,"href":"https:\/\/www.ecuadoraldia.com.ec\/index.php?rest_route=\/wp\/v2\/posts\/6370\/revisions\/6372"}],"wp:attachment":[{"href":"https:\/\/www.ecuadoraldia.com.ec\/index.php?rest_route=%2Fwp%2Fv2%2Fmedia&parent=6370"}],"wp:term":[{"taxonomy":"category","embeddable":true,"href":"https:\/\/www.ecuadoraldia.com.ec\/index.php?rest_route=%2Fwp%2Fv2%2Fcategories&post=6370"},{"taxonomy":"post_tag","embeddable":true,"href":"https:\/\/www.ecuadoraldia.com.ec\/index.php?rest_route=%2Fwp%2Fv2%2Ftags&post=6370"}],"curies":[{"name":"wp","href":"https:\/\/api.w.org\/{rel}","templated":true}]}}