{"id":6373,"date":"2014-12-05T22:49:12","date_gmt":"2014-12-05T22:49:12","guid":{"rendered":"http:\/\/www.ecuadoraldia.com.ec\/?p=6373"},"modified":"2014-12-05T22:49:12","modified_gmt":"2014-12-05T22:49:12","slug":"jose-francisco-cevallos-no-descarta-llegar-a-la-presidencia-del-barcelona","status":"publish","type":"post","link":"https:\/\/www.ecuadoraldia.com.ec\/?p=6373","title":{"rendered":"Jos\u00e9 Francisco Cevallos no descarta llegar a la presidencia del Barcelona"},"content":{"rendered":"<p style=\"text-align: justify;\"><a href=\"http:\/\/www.ecuadoraldia.com.ec\/wp-content\/uploads\/2014\/12\/jose_cevallos_edu_2.jpg\"><img loading=\"lazy\" decoding=\"async\" class=\"alignleft size-medium wp-image-6374\" src=\"http:\/\/www.ecuadoraldia.com.ec\/wp-content\/uploads\/2014\/12\/jose_cevallos_edu_2-300x162.jpg\" alt=\"jose_cevallos_edu_2\" width=\"300\" height=\"162\" srcset=\"https:\/\/www.ecuadoraldia.com.ec\/wp-content\/uploads\/2014\/12\/jose_cevallos_edu_2-300x162.jpg 300w, https:\/\/www.ecuadoraldia.com.ec\/wp-content\/uploads\/2014\/12\/jose_cevallos_edu_2.jpg 580w\" sizes=\"(max-width: 300px) 100vw, 300px\" \/><\/a>Guayaquil, 5 dic (Andes).- El exministro del Deporte e hist\u00f3rico golero ecuatoriano, Jos\u00e9 Francisco Cevallos, asegur\u00f3 que de darse la oportunidad se lanzar\u00e1 como candidato a la presidencia del Barcelona de Guayaquil, equipo en el que milit\u00f3 por m\u00e1s de 15 a\u00f1os.<\/p>\n<p style=\"text-align: justify;\">\u201cMi aspiraci\u00f3n de a\u00f1os es estar en la parte dirigencial de Barcelona, si las condiciones se dan nos postularemos como candidatos para dirigir a esta instituci\u00f3n tan importante\u201d, coment\u00f3 el exjugador del cuadro \u2018canario\u2019 en una entrevista con radio La Deportivo de Quito.<\/p>\n<p style=\"text-align: justify;\">Para las elecciones presidenciales del club guayaquile\u00f1o, que se dar\u00e1n el pr\u00f3ximo a\u00f1o, estar\u00edan como candidatos Luis Noboa, actual vicepresidente del Barcelona; Dalo Bucaram, exjugador y asamble\u00edsta nacional, y Jos\u00e9 Francisco Cevallos, aunque ninguno ha oficializado su candidatura.<\/p>\n<p style=\"text-align: justify;\">Como jugador, Cevallos alcanz\u00f3 tres veces el t\u00edtulo de campe\u00f3n con el Barcelona (1991, 1995 y 1997) y con Liga de Quito se consagr\u00f3 en 2010.<\/p>\n<p style=\"text-align: justify;\">Adem\u00e1s con el elenco \u2018albo\u2019 fue campe\u00f3n de la Copa Libertadores en 2008, gan\u00f3 la Copa Sudamericana en 2009 y dos veces la Recopa Sudamericana, 2009 y 2010.<\/p>\n","protected":false},"excerpt":{"rendered":"<p>Guayaquil, 5 dic (Andes).- El exministro del Deporte e hist\u00f3rico golero ecuatoriano, Jos\u00e9 Francisco Cevallos, asegur\u00f3 que de darse la<\/p>\n","protected":false},"author":1,"featured_media":0,"comment_status":"open","ping_status":"open","sticky":false,"template":"","format":"standard","meta":{"footnotes":""},"categories":[10],"tags":[],"_links":{"self":[{"href":"https:\/\/www.ecuadoraldia.com.ec\/index.php?rest_route=\/wp\/v2\/posts\/6373"}],"collection":[{"href":"https:\/\/www.ecuadoraldia.com.ec\/index.php?rest_route=\/wp\/v2\/posts"}],"about":[{"href":"https:\/\/www.ecuadoraldia.com.ec\/index.php?rest_route=\/wp\/v2\/types\/post"}],"author":[{"embeddable":true,"href":"https:\/\/www.ecuadoraldia.com.ec\/index.php?rest_route=\/wp\/v2\/users\/1"}],"replies":[{"embeddable":true,"href":"https:\/\/www.ecuadoraldia.com.ec\/index.php?rest_route=%2Fwp%2Fv2%2Fcomments&post=6373"}],"version-history":[{"count":1,"href":"https:\/\/www.ecuadoraldia.com.ec\/index.php?rest_route=\/wp\/v2\/posts\/6373\/revisions"}],"predecessor-version":[{"id":6375,"href":"https:\/\/www.ecuadoraldia.com.ec\/index.php?rest_route=\/wp\/v2\/posts\/6373\/revisions\/6375"}],"wp:attachment":[{"href":"https:\/\/www.ecuadoraldia.com.ec\/index.php?rest_route=%2Fwp%2Fv2%2Fmedia&parent=6373"}],"wp:term":[{"taxonomy":"category","embeddable":true,"href":"https:\/\/www.ecuadoraldia.com.ec\/index.php?rest_route=%2Fwp%2Fv2%2Fcategories&post=6373"},{"taxonomy":"post_tag","embeddable":true,"href":"https:\/\/www.ecuadoraldia.com.ec\/index.php?rest_route=%2Fwp%2Fv2%2Ftags&post=6373"}],"curies":[{"name":"wp","href":"https:\/\/api.w.org\/{rel}","templated":true}]}}