{"id":6384,"date":"2014-12-05T23:08:02","date_gmt":"2014-12-05T23:08:02","guid":{"rendered":"http:\/\/www.ecuadoraldia.com.ec\/?p=6384"},"modified":"2014-12-05T23:08:02","modified_gmt":"2014-12-05T23:08:02","slug":"sorpresa-en-eeuu-madre-da-a-luz-una-super-bebe-de-mas-de-6-kilos","status":"publish","type":"post","link":"https:\/\/www.ecuadoraldia.com.ec\/?p=6384","title":{"rendered":"Sorpresa en EEUU: madre da a luz  una s\u00faper beb\u00e9 de m\u00e1s de 6 kilos"},"content":{"rendered":"<p><a href=\"http:\/\/www.ecuadoraldia.com.ec\/wp-content\/uploads\/2014\/12\/superbebe.jpg\"><img loading=\"lazy\" decoding=\"async\" class=\"alignleft size-medium wp-image-6385\" src=\"http:\/\/www.ecuadoraldia.com.ec\/wp-content\/uploads\/2014\/12\/superbebe-300x168.jpg\" alt=\"superbebe\" width=\"300\" height=\"168\" srcset=\"https:\/\/www.ecuadoraldia.com.ec\/wp-content\/uploads\/2014\/12\/superbebe-300x168.jpg 300w, https:\/\/www.ecuadoraldia.com.ec\/wp-content\/uploads\/2014\/12\/superbebe.jpg 770w\" sizes=\"(max-width: 300px) 100vw, 300px\" \/><\/a>Cr\u00e9dito: AP. Alisha Hernandez pens\u00f3 que esperaba un peque\u00f1o beb\u00e9 de poco m\u00e1s de 3 kilos, pero termin\u00f3 dando a luz a una ni\u00f1a que pes\u00f3 6,350 kilos. La beb\u00e9 sorpresa lleg\u00f3 en Alamosa, en el sur de Colorado, EEUU. La madre entr\u00f3 en labor de parto el lunes y pas\u00f3 por una ces\u00e1rea. As\u00ed naci\u00f3 Mia Yasmin Garc\u00eda en el hospital San Luis Valley.<\/p>\n<p>Pero ni la madre, ni las enfermeras pod\u00edan creer lo que ve\u00edan. \u00abEstaban todos en shock cuando vieron a la beb\u00e9. Abrieron los ojos como si nunca hubieran visto algo igual\u00bb, afirm\u00f3 el padre de la ni\u00f1a.<\/p>\n<p>Hospital de Ni\u00f1os de Colorado<\/p>\n<p>La enfermera, tambi\u00e9n conmocionada, cont\u00f3 c\u00f3mo fue el momento en que vieron a Mia. \u00abFue impresionante. No pod\u00edamos creerlo, llamamos a varias enfermeras para que verificaran el peso\u00bb.<\/p>\n<p>El padre de la beb\u00e9 explic\u00f3 que las otras ni\u00f1as de la pareja nacieron con pesos normales. De hecho, tienen gemelas y si suman el peso de ambas cuando nacieron no alcanzan a Mia.<\/p>\n<p>La peque\u00f1a est\u00e1 en cuidados intensivos porque sufre de baja glucosa y tiene problemas para respirar con normalidad. Pero los doctores son optimistas y afirman que en poco tiempo m\u00e1s podr\u00e1 irse a casa con sus padres.<\/p>\n","protected":false},"excerpt":{"rendered":"<p>Cr\u00e9dito: AP. Alisha Hernandez pens\u00f3 que esperaba un peque\u00f1o beb\u00e9 de poco m\u00e1s de 3 kilos, pero termin\u00f3 dando a<\/p>\n","protected":false},"author":1,"featured_media":0,"comment_status":"open","ping_status":"open","sticky":false,"template":"","format":"standard","meta":{"footnotes":""},"categories":[7],"tags":[],"_links":{"self":[{"href":"https:\/\/www.ecuadoraldia.com.ec\/index.php?rest_route=\/wp\/v2\/posts\/6384"}],"collection":[{"href":"https:\/\/www.ecuadoraldia.com.ec\/index.php?rest_route=\/wp\/v2\/posts"}],"about":[{"href":"https:\/\/www.ecuadoraldia.com.ec\/index.php?rest_route=\/wp\/v2\/types\/post"}],"author":[{"embeddable":true,"href":"https:\/\/www.ecuadoraldia.com.ec\/index.php?rest_route=\/wp\/v2\/users\/1"}],"replies":[{"embeddable":true,"href":"https:\/\/www.ecuadoraldia.com.ec\/index.php?rest_route=%2Fwp%2Fv2%2Fcomments&post=6384"}],"version-history":[{"count":1,"href":"https:\/\/www.ecuadoraldia.com.ec\/index.php?rest_route=\/wp\/v2\/posts\/6384\/revisions"}],"predecessor-version":[{"id":6386,"href":"https:\/\/www.ecuadoraldia.com.ec\/index.php?rest_route=\/wp\/v2\/posts\/6384\/revisions\/6386"}],"wp:attachment":[{"href":"https:\/\/www.ecuadoraldia.com.ec\/index.php?rest_route=%2Fwp%2Fv2%2Fmedia&parent=6384"}],"wp:term":[{"taxonomy":"category","embeddable":true,"href":"https:\/\/www.ecuadoraldia.com.ec\/index.php?rest_route=%2Fwp%2Fv2%2Fcategories&post=6384"},{"taxonomy":"post_tag","embeddable":true,"href":"https:\/\/www.ecuadoraldia.com.ec\/index.php?rest_route=%2Fwp%2Fv2%2Ftags&post=6384"}],"curies":[{"name":"wp","href":"https:\/\/api.w.org\/{rel}","templated":true}]}}