{"id":6392,"date":"2014-12-06T21:42:56","date_gmt":"2014-12-06T21:42:56","guid":{"rendered":"http:\/\/www.ecuadoraldia.com.ec\/?p=6392"},"modified":"2014-12-06T21:42:56","modified_gmt":"2014-12-06T21:42:56","slug":"fiestas-de-quito-tambien-se-viven-en-madrid","status":"publish","type":"post","link":"https:\/\/www.ecuadoraldia.com.ec\/?p=6392","title":{"rendered":"Fiestas de Quito tambi\u00e9n se viven en Madrid"},"content":{"rendered":"<p><a href=\"http:\/\/www.ecuadoraldia.com.ec\/wp-content\/uploads\/2014\/12\/candidatasquitomadrid.gif\"><img loading=\"lazy\" decoding=\"async\" class=\"alignleft size-medium wp-image-6393\" src=\"http:\/\/www.ecuadoraldia.com.ec\/wp-content\/uploads\/2014\/12\/candidatasquitomadrid-300x174.gif\" alt=\"candidatasquitomadrid\" width=\"300\" height=\"174\" \/><\/a>\u00a0Desde la elecci\u00f3n de la Reina de Quito, pasando por el campeonato de 40 hasta la celebraci\u00f3n con banda de pueblo. En Madrid, los ecuatorianos cuentan con varias opciones para disfrutar, pese a la distancia, de las fiestas por un aniversario m\u00e1s de la Fundaci\u00f3n de la capital.<\/p>\n<p style=\"text-align: justify;\">Los comensales que hoy acudan al restaurante Paralelo Cero, el \u00fanico de comida gourmet ecuatoriana, podr\u00e1n degustar de un men\u00fa especial que incluye patacones con aj\u00ed dulce y ceviche de corvina, caldo de patas (es la primera vez que se prepara en el local), hornado e higos con queso. A partir de las 17:00 arranca el campeonato de 40. \u00abEs una forma de no perder las tradiciones pero adem\u00e1s invitar a participar al p\u00fablico espa\u00f1ol de nuestras costumbres\u00bb, se\u00f1ala el chef Miguel Monar.<\/p>\n<p style=\"text-align: justify;\">Desde hace cuatro a\u00f1os, la empresa Ecuaviviendas promociona la elecci\u00f3n de la Reina de Quito. Hoy Geraldine Salcedo entregar\u00e1 la corona a su sucesora en una fiesta que arranca a media tarde en la discoteca Canela y en la que actuar\u00e1n artistas nacionales. Un total de 42 j\u00f3venes participaron en los castings que se llevaron a cabo a lo largo de los \u00faltimos tres meses. La nueva soberana ganar\u00e1 un viaje a Ecuador.<\/p>\n<p style=\"text-align: justify;\">El cl\u00e1sico \u00ab\u00a1toquen, trompudos!\u00bb se escuchar\u00e1 en La Finca Mi Lindo Quito, restaurante ubicado en Algete, una localidad a 30 kil\u00f3metros al noreste de Madrid. El establecimiento ha organizado un evento art\u00edstico con el apoyo del taller mec\u00e1nico MDM regentado por Diego Freire. A l actuaci\u00f3n de la banda de pueblo, icono de la quite\u00f1idad, se sumar\u00e1n las presentaciones del grupo folcl\u00f3rico integrado por los miembros de la Asociaci\u00f3n de Guallabambe\u00f1os y artistas nacionales.\/ Universo<\/p>\n","protected":false},"excerpt":{"rendered":"<p>\u00a0Desde la elecci\u00f3n de la Reina de Quito, pasando por el campeonato de 40 hasta la celebraci\u00f3n con banda de<\/p>\n","protected":false},"author":1,"featured_media":0,"comment_status":"open","ping_status":"open","sticky":false,"template":"","format":"standard","meta":{"footnotes":""},"categories":[17,1],"tags":[],"_links":{"self":[{"href":"https:\/\/www.ecuadoraldia.com.ec\/index.php?rest_route=\/wp\/v2\/posts\/6392"}],"collection":[{"href":"https:\/\/www.ecuadoraldia.com.ec\/index.php?rest_route=\/wp\/v2\/posts"}],"about":[{"href":"https:\/\/www.ecuadoraldia.com.ec\/index.php?rest_route=\/wp\/v2\/types\/post"}],"author":[{"embeddable":true,"href":"https:\/\/www.ecuadoraldia.com.ec\/index.php?rest_route=\/wp\/v2\/users\/1"}],"replies":[{"embeddable":true,"href":"https:\/\/www.ecuadoraldia.com.ec\/index.php?rest_route=%2Fwp%2Fv2%2Fcomments&post=6392"}],"version-history":[{"count":1,"href":"https:\/\/www.ecuadoraldia.com.ec\/index.php?rest_route=\/wp\/v2\/posts\/6392\/revisions"}],"predecessor-version":[{"id":6394,"href":"https:\/\/www.ecuadoraldia.com.ec\/index.php?rest_route=\/wp\/v2\/posts\/6392\/revisions\/6394"}],"wp:attachment":[{"href":"https:\/\/www.ecuadoraldia.com.ec\/index.php?rest_route=%2Fwp%2Fv2%2Fmedia&parent=6392"}],"wp:term":[{"taxonomy":"category","embeddable":true,"href":"https:\/\/www.ecuadoraldia.com.ec\/index.php?rest_route=%2Fwp%2Fv2%2Fcategories&post=6392"},{"taxonomy":"post_tag","embeddable":true,"href":"https:\/\/www.ecuadoraldia.com.ec\/index.php?rest_route=%2Fwp%2Fv2%2Ftags&post=6392"}],"curies":[{"name":"wp","href":"https:\/\/api.w.org\/{rel}","templated":true}]}}