{"id":6398,"date":"2014-12-06T22:13:27","date_gmt":"2014-12-06T22:13:27","guid":{"rendered":"http:\/\/www.ecuadoraldia.com.ec\/?p=6398"},"modified":"2014-12-06T22:13:27","modified_gmt":"2014-12-06T22:13:27","slug":"periodistas-delinean-su-estrategia-ante-la-cop-20","status":"publish","type":"post","link":"https:\/\/www.ecuadoraldia.com.ec\/?p=6398","title":{"rendered":"Periodistas delinean su estrategia ante la COP 20"},"content":{"rendered":"<figure id=\"attachment_6399\" aria-describedby=\"caption-attachment-6399\" style=\"width: 300px\" class=\"wp-caption alignleft\"><a href=\"http:\/\/www.ecuadoraldia.com.ec\/wp-content\/uploads\/2014\/12\/periodistas-Lima.jpg\"><img loading=\"lazy\" decoding=\"async\" class=\"size-medium wp-image-6399\" src=\"http:\/\/www.ecuadoraldia.com.ec\/wp-content\/uploads\/2014\/12\/periodistas-Lima-300x168.jpg\" alt=\"En el Aeropuerto Internacional Jorge Ch\u00e1vez de Callao se exponen varias propuestas de organizaciones sociales de cara a la COP 20 utilizando vallas alusivas a problemas ambientales. Foto: Omar Ja\u00e9n \/ El Tel\u00e9grafo.\" width=\"300\" height=\"168\" srcset=\"https:\/\/www.ecuadoraldia.com.ec\/wp-content\/uploads\/2014\/12\/periodistas-Lima-300x168.jpg 300w, https:\/\/www.ecuadoraldia.com.ec\/wp-content\/uploads\/2014\/12\/periodistas-Lima.jpg 450w\" sizes=\"(max-width: 300px) 100vw, 300px\" \/><\/a><figcaption id=\"caption-attachment-6399\" class=\"wp-caption-text\">En el Aeropuerto Internacional Jorge Ch\u00e1vez de Callao se exponen varias propuestas de organizaciones sociales de cara a la COP 20 utilizando vallas alusivas a problemas ambientales. Foto: Omar Ja\u00e9n \/ El Tel\u00e9grafo.<\/figcaption><\/figure>\n<p style=\"text-align: justify;\">En el sal\u00f3n de eventos del Hotel Ariosto, en Miraflores (oeste de Lima), se re\u00fanen en estos momentos representantes de medios de comunicaci\u00f3n de al menos una docena de pa\u00edses de la regi\u00f3n. El objetivo del encuentro es definir una &#8216;estrategia comunicacional&#8217; de cara a la vig\u00e9sima Conferencia de las Partes (COP 20), que desde el lunes pasado se desarrolla en la capital peruana.<\/p>\n<p style=\"text-align: justify;\">Si bien las actividades se han desarrollado seg\u00fan lo programado a nivel oficial, la mayor\u00eda de medios de comunicaci\u00f3n han decidido arribar a Lima reci\u00e9n este fin de semana para cubrir de lleno las rondas de negociaciones de la segunda semana de la COP. Desde este lunes, m\u00e1s de 10 mil delegados de 195 naciones empiezan las negociaciones para alcanzar un borrador de acuerdo global que ser\u00eda suscrito en la COP 21 en Par\u00eds (prevista para 2015). Este nuevo documento tendr\u00eda como objetivo reducir las emisiones de gases de efecto invernadero y, sobre todo, controlar el aumento de la temperatura de la Tierra (el objetivo es que no supere los 2\u00b0c en los pr\u00f3ximo a\u00f1os).<\/p>\n<p style=\"text-align: justify;\">Ante este escenario, la Fundaci\u00f3n Friedrich Ebert Stiftung (FES) ha convocado a comunicadores de Guatemala, El Salvador, Nicaragua, Costa Rica, Colombia, Ecuador, Per\u00fa, Chile, Colombia, Panam\u00e1, Bolivia, Brasil y Argentina para discutir la forma en que los medios est\u00e1n visibilizando el problema del calentamiento global.<\/p>\n<p style=\"text-align: justify;\">Alfred Stoll, principal de FES en Per\u00fa, indic\u00f3 que los medios de comunicaci\u00f3n tienen un papel relevante y movilizador ante eventos de tal magnitud como la COP 20. \u00ab\u00bbAs\u00ed como vamos, el mundo ya no tiene futuro (&#8230;) Hay que llegar a un contrato social global favor del planeta (&#8230;) Y hay que ver c\u00f3mo los medios pueden ayudar a visibilizar el problema\u00bb, dijo el representante de esta fundaci\u00f3n.<\/p>\n<p style=\"text-align: justify;\">Germ\u00e1n Rivas, editor de departamentos del diario La Prensa Gr\u00e1fica de El Salvador, se mostr\u00f3 esc\u00e9ptico sobre los resultados oficiales que pueda arrojar la COP 20 en Lima, aunque apuesta a la movilizaci\u00f3n civil. \u00abDurante dos d\u00e9cadas hemos asistido a citas como esta (COP 20) y siempre es lo mismo. Esto tienen que surgir desde abajo, el cambio clim\u00e1tico se tiene que impulsar desde la ciudadan\u00eda\u00bb, indic\u00f3 el periodista en la cita en el hotel Ariosto.<\/p>\n<p style=\"text-align: justify;\">Se tiene previsto que durante la jornada se desarrolle una estrategia comunicacional para cubrir la segunda semana de negociaciones de la COP. M\u00e1s all\u00e1 de la cita oficial de delegaciones estatales, tambi\u00e9n est\u00e1 en agenda la cobertura de eventos ciudadanos como la &#8216;Cumbre de los Pueblos&#8217;, que es la respuesta civil a la Cumbre de las Partes.\/tel\u00e9grafo<\/p>\n","protected":false},"excerpt":{"rendered":"<p>En el sal\u00f3n de eventos del Hotel Ariosto, en Miraflores (oeste de Lima), se re\u00fanen en estos momentos representantes de<\/p>\n","protected":false},"author":1,"featured_media":0,"comment_status":"open","ping_status":"open","sticky":false,"template":"","format":"standard","meta":{"footnotes":""},"categories":[4],"tags":[],"_links":{"self":[{"href":"https:\/\/www.ecuadoraldia.com.ec\/index.php?rest_route=\/wp\/v2\/posts\/6398"}],"collection":[{"href":"https:\/\/www.ecuadoraldia.com.ec\/index.php?rest_route=\/wp\/v2\/posts"}],"about":[{"href":"https:\/\/www.ecuadoraldia.com.ec\/index.php?rest_route=\/wp\/v2\/types\/post"}],"author":[{"embeddable":true,"href":"https:\/\/www.ecuadoraldia.com.ec\/index.php?rest_route=\/wp\/v2\/users\/1"}],"replies":[{"embeddable":true,"href":"https:\/\/www.ecuadoraldia.com.ec\/index.php?rest_route=%2Fwp%2Fv2%2Fcomments&post=6398"}],"version-history":[{"count":1,"href":"https:\/\/www.ecuadoraldia.com.ec\/index.php?rest_route=\/wp\/v2\/posts\/6398\/revisions"}],"predecessor-version":[{"id":6400,"href":"https:\/\/www.ecuadoraldia.com.ec\/index.php?rest_route=\/wp\/v2\/posts\/6398\/revisions\/6400"}],"wp:attachment":[{"href":"https:\/\/www.ecuadoraldia.com.ec\/index.php?rest_route=%2Fwp%2Fv2%2Fmedia&parent=6398"}],"wp:term":[{"taxonomy":"category","embeddable":true,"href":"https:\/\/www.ecuadoraldia.com.ec\/index.php?rest_route=%2Fwp%2Fv2%2Fcategories&post=6398"},{"taxonomy":"post_tag","embeddable":true,"href":"https:\/\/www.ecuadoraldia.com.ec\/index.php?rest_route=%2Fwp%2Fv2%2Ftags&post=6398"}],"curies":[{"name":"wp","href":"https:\/\/api.w.org\/{rel}","templated":true}]}}