{"id":6401,"date":"2014-12-06T22:27:17","date_gmt":"2014-12-06T22:27:17","guid":{"rendered":"http:\/\/www.ecuadoraldia.com.ec\/?p=6401"},"modified":"2014-12-06T22:27:17","modified_gmt":"2014-12-06T22:27:17","slug":"medico-cubano-vuelve-a-su-pais-tras-curarse-de-ebola-en-suiza","status":"publish","type":"post","link":"https:\/\/www.ecuadoraldia.com.ec\/?p=6401","title":{"rendered":"M\u00e9dico cubano vuelve a su pa\u00eds tras curarse de \u00e9bola en Suiza"},"content":{"rendered":"<p style=\"text-align: justify;\"><a href=\"http:\/\/www.ecuadoraldia.com.ec\/wp-content\/uploads\/2014\/12\/felix-baez.jpg\"><img loading=\"lazy\" decoding=\"async\" class=\"alignleft size-medium wp-image-6402\" src=\"http:\/\/www.ecuadoraldia.com.ec\/wp-content\/uploads\/2014\/12\/felix-baez-300x157.jpg\" alt=\"felix baez\" width=\"300\" height=\"157\" srcset=\"https:\/\/www.ecuadoraldia.com.ec\/wp-content\/uploads\/2014\/12\/felix-baez-300x157.jpg 300w, https:\/\/www.ecuadoraldia.com.ec\/wp-content\/uploads\/2014\/12\/felix-baez.jpg 710w\" sizes=\"(max-width: 300px) 100vw, 300px\" \/><\/a>Agencia AFP. El m\u00e9dico cubano F\u00e9lix B\u00e1ez Sarr\u00eda, que contrajo \u00e9bola en Sierra Leona y fue tratado en los Hospitales Universitarios de Ginebra (HUG), super\u00f3 la enfermedad y viaj\u00f3 este s\u00e1bado desde Suiza a Cuba, indic\u00f3 la instituci\u00f3n sanitaria en un comunicado.<\/p>\n<p style=\"text-align: justify;\">\u00abLa mejor\u00eda, que fue confirmada por ex\u00e1menes de laboratorio muy especializados, permite que el paciente deje el pa\u00eds y viaje sin ning\u00fan temor de que haya un contagio\u00bb, se\u00f1alaron las autoridades sanitarias.<\/p>\n<p style=\"text-align: justify;\">Los \u00faltimos an\u00e1lisis, que fueron realizados esta semana y sometidos a una doble confirmaci\u00f3n, mostraron que el paciente se cur\u00f3 de la enfermedad y pod\u00eda dejar el hospital, informaron el centro m\u00e9dico y la Oficina Federal de Salud P\u00fablica, en un comunicado.<\/p>\n<p style=\"text-align: justify;\">El m\u00e9dico cubano, que estaba hospitalizado desde el 21 de noviembre, expres\u00f3 su reconocimiento al cuerpo m\u00e9dico que lo trat\u00f3 al ser dado de alta.<\/p>\n<p style=\"text-align: justify;\">El paciente recibi\u00f3 un doble tratamiento experimental a base de ZMab, similar a la primera generaci\u00f3n de ZMapp, y de Favipiravir, un tratamiento japon\u00e9s utilizado normalmente contra la gripe.<\/p>\n<p style=\"text-align: justify;\">Al principio del tratamiento, B\u00e1ez sufr\u00eda fuertes diarreas, por lo que hubo que hidratarlo con fuertes dosis de hasta 12 litros de l\u00edquido diarios, seg\u00fan uno de sus m\u00e9dicos preguntado por la televisi\u00f3n p\u00fablica suiza RTS.<\/p>\n<p style=\"text-align: justify;\">\u00abEn ning\u00fan momento la poblaci\u00f3n de Ginebra estuvo expuesta a ning\u00fan riesgo de contagio de la enfermedad\u00bb, precis\u00f3 el doctor Jacques-Andr\u00e9 Romand, de la autoridad sanitaria local.<\/p>\n<p style=\"text-align: justify;\">F\u00e9lix B\u00e1ez Sarr\u00eda es uno de los 165 m\u00e9dicos cubanos desplegados en Sierra Leona, uno de los tres pa\u00edses m\u00e1s afectados por la epidemia de \u00e9bola, que ha provocado 6.113 muertos de 17.256 casos detectados, seg\u00fan el \u00faltimo balance publicado este jueves por la Organizaci\u00f3n Mundial de la Salud (OMS).<\/p>\n<p style=\"text-align: justify;\">\u00a0<\/p>\n<p>&nbsp;<\/p>\n<p>&nbsp;<\/p>\n","protected":false},"excerpt":{"rendered":"<p>Agencia AFP. El m\u00e9dico cubano F\u00e9lix B\u00e1ez Sarr\u00eda, que contrajo \u00e9bola en Sierra Leona y fue tratado en los Hospitales<\/p>\n","protected":false},"author":1,"featured_media":0,"comment_status":"open","ping_status":"open","sticky":false,"template":"","format":"standard","meta":{"footnotes":""},"categories":[7],"tags":[],"_links":{"self":[{"href":"https:\/\/www.ecuadoraldia.com.ec\/index.php?rest_route=\/wp\/v2\/posts\/6401"}],"collection":[{"href":"https:\/\/www.ecuadoraldia.com.ec\/index.php?rest_route=\/wp\/v2\/posts"}],"about":[{"href":"https:\/\/www.ecuadoraldia.com.ec\/index.php?rest_route=\/wp\/v2\/types\/post"}],"author":[{"embeddable":true,"href":"https:\/\/www.ecuadoraldia.com.ec\/index.php?rest_route=\/wp\/v2\/users\/1"}],"replies":[{"embeddable":true,"href":"https:\/\/www.ecuadoraldia.com.ec\/index.php?rest_route=%2Fwp%2Fv2%2Fcomments&post=6401"}],"version-history":[{"count":1,"href":"https:\/\/www.ecuadoraldia.com.ec\/index.php?rest_route=\/wp\/v2\/posts\/6401\/revisions"}],"predecessor-version":[{"id":6403,"href":"https:\/\/www.ecuadoraldia.com.ec\/index.php?rest_route=\/wp\/v2\/posts\/6401\/revisions\/6403"}],"wp:attachment":[{"href":"https:\/\/www.ecuadoraldia.com.ec\/index.php?rest_route=%2Fwp%2Fv2%2Fmedia&parent=6401"}],"wp:term":[{"taxonomy":"category","embeddable":true,"href":"https:\/\/www.ecuadoraldia.com.ec\/index.php?rest_route=%2Fwp%2Fv2%2Fcategories&post=6401"},{"taxonomy":"post_tag","embeddable":true,"href":"https:\/\/www.ecuadoraldia.com.ec\/index.php?rest_route=%2Fwp%2Fv2%2Ftags&post=6401"}],"curies":[{"name":"wp","href":"https:\/\/api.w.org\/{rel}","templated":true}]}}