{"id":6404,"date":"2014-12-06T23:26:06","date_gmt":"2014-12-06T23:26:06","guid":{"rendered":"http:\/\/www.ecuadoraldia.com.ec\/?p=6404"},"modified":"2014-12-06T23:26:06","modified_gmt":"2014-12-06T23:26:06","slug":"efectos-de-la-crisis-economica-en-el-desarrollo-humano-los-inmigrantes-ecuatorianos-en-new-jersey-eeuu","status":"publish","type":"post","link":"https:\/\/www.ecuadoraldia.com.ec\/?p=6404","title":{"rendered":"Efectos de la crisis econ\u00f3mica en el desarrollo humano los inmigrantes ecuatorianos en New Jersey-EEUU"},"content":{"rendered":"<figure id=\"attachment_6405\" aria-describedby=\"caption-attachment-6405\" style=\"width: 300px\" class=\"wp-caption alignleft\"><a href=\"http:\/\/www.ecuadoraldia.com.ec\/wp-content\/uploads\/2014\/12\/migracion.jpg\"><img loading=\"lazy\" decoding=\"async\" class=\"size-medium wp-image-6405\" src=\"http:\/\/www.ecuadoraldia.com.ec\/wp-content\/uploads\/2014\/12\/migracion-300x165.jpg\" alt=\"foto los tiempos.com\" width=\"300\" height=\"165\" srcset=\"https:\/\/www.ecuadoraldia.com.ec\/wp-content\/uploads\/2014\/12\/migracion-300x165.jpg 300w, https:\/\/www.ecuadoraldia.com.ec\/wp-content\/uploads\/2014\/12\/migracion.jpg 588w\" sizes=\"(max-width: 300px) 100vw, 300px\" \/><\/a><figcaption id=\"caption-attachment-6405\" class=\"wp-caption-text\">foto los tiempos.com<\/figcaption><\/figure>\n<p>La migraci\u00f3n en el Ecuador tiene sus or\u00edgenes en la d\u00e9cada de 1920 cuando migrar era un privilegio para la clase alta, posteriormente con la ca\u00edda del sombrero de paja toquilla y los problemas con la empresa transnacional americana United Fruit que operaba en la costa sur del Ecuador exportando frutas hacia el mercado americano, la migraci\u00f3n se agudiz\u00f3 en la d\u00e9cada de 1950 y 1970, siendo Estados Unidos de Norteam\u00e9rica el principal destino para migrantes ecuatorianos. Este problema comercial provoc\u00f3 un gran \u00e9xodo de mano de obra, puesto que los trabajadores de estas \u00e1reas que arribaban a ese pa\u00eds en grandes embarcaciones para descargar los productos, con el empeoramiento del comercio, paulatinamente se quedaron radicados en ciertas zonas.<\/p>\n<p>Luego de la crisis econ\u00f3mica y financiera de 1999, se identificaron nuevos destinos de migraci\u00f3n, pero a partir del 2003 la migraci\u00f3n hacia Estados Unidos volvi\u00f3 a tener un repunte. Debido a la condici\u00f3n de migrantes con documentaci\u00f3n y sin documentaci\u00f3n, es dif\u00edcil estimar el n\u00famero exacto de migrantes en ese pa\u00eds. Seg\u00fan investigaciones realizadas por el Instituto de investigaciones econ\u00f3micas de la UTPL, IIE, en Estados Unidos existir\u00edan alrededor de 800.000 ecuatorianos, aunque oficialmente esta cifra bordea 1,5 millones de ecuatorianos.<\/p>\n<p>Con la crisis en Estados Unidos, y despu\u00e9s de \u00e9sta, la calidad de vida de los inmigrantes ecuatorianos fue notablemente afectada, ya que en ese pa\u00eds, los inmigrantes suelen tener dos o m\u00e1s trabajos peri\u00f3dicos, por horas, y por temporadas, para solventar sus gastos y tener un ingreso mayor. Las diferencias de este indicador en estos dos periodos, radica en las variaciones de ingresos por parte de los inmigrantes ecuatorianos. Si bien algunos individuos han incrementado su nivel de estudios, el nivel de ingresos ha disminuido, puesto que han perdido alguno de los trabajos que realizaban en su comunidad.<\/p>\n<p>Conocer la realidad de las actividades econ\u00f3micas de los grupos humanos en el pa\u00eds y fuera de \u00e9l, permitan desarrollar planes que beneficien a la sociedad y aseguren mejores condiciones de acceso a productos y servicios de calidad. Este desarrollo ser\u00e1 beneficioso tanto para las empresas productoras, como para los consumidores.<\/p>\n<p>Entender el dinamismo de la sociedad, sus costumbres, valores y h\u00e1bitos de consumo es fundamental para que los sectores p\u00fablicos y privados desarrollen planes de desarrollo. La maestr\u00eda en Gesti\u00f3n y Desarrollo Social, ofertada por la UTPL brinda el conocimiento para implementar estas acciones de desarrollo<br \/>\nxxxxxxxxxxxxxxxxx<br \/>\nPrueba de ADN confirma identidad de estudiante desaparecido en Mexico<\/p>\n<p>La investigaci\u00f3n forense confirm\u00f3 la identidad de los restos de uno de los 43 estudiantes desparecidos en el Estado de Guerrero en M\u00e9xico.<\/p>\n<p>Se trata del cuerpo de Alexander Mora Venancio, seg\u00fan el primer reporte policial.<\/p>\n<p>El profesor F\u00e9lix Rosas, integrante de la Comisi\u00f3n del Magisterio, confirm\u00f3 la informaci\u00f3n luego de informar a la familia.<\/p>\n<p>Estudiantes de la Normal Isidro Burgos dieron a conocer la noticia a trav\u00e9s de las redes sociales: \u00abHoy le confirmaron los peritos argentinos a mi padre que los restos me corresponden\u00bb, seg\u00fan hicieron saber en un mensaje escrito usando la voz del desaparecido. Wilman Santiago Ochoa Moreno \u2013 wsochoa@utpl.edu.ec<\/p>\n","protected":false},"excerpt":{"rendered":"<p>La migraci\u00f3n en el Ecuador tiene sus or\u00edgenes en la d\u00e9cada de 1920 cuando migrar era un privilegio para la<\/p>\n","protected":false},"author":1,"featured_media":0,"comment_status":"open","ping_status":"open","sticky":false,"template":"","format":"standard","meta":{"footnotes":""},"categories":[17],"tags":[],"_links":{"self":[{"href":"https:\/\/www.ecuadoraldia.com.ec\/index.php?rest_route=\/wp\/v2\/posts\/6404"}],"collection":[{"href":"https:\/\/www.ecuadoraldia.com.ec\/index.php?rest_route=\/wp\/v2\/posts"}],"about":[{"href":"https:\/\/www.ecuadoraldia.com.ec\/index.php?rest_route=\/wp\/v2\/types\/post"}],"author":[{"embeddable":true,"href":"https:\/\/www.ecuadoraldia.com.ec\/index.php?rest_route=\/wp\/v2\/users\/1"}],"replies":[{"embeddable":true,"href":"https:\/\/www.ecuadoraldia.com.ec\/index.php?rest_route=%2Fwp%2Fv2%2Fcomments&post=6404"}],"version-history":[{"count":1,"href":"https:\/\/www.ecuadoraldia.com.ec\/index.php?rest_route=\/wp\/v2\/posts\/6404\/revisions"}],"predecessor-version":[{"id":6406,"href":"https:\/\/www.ecuadoraldia.com.ec\/index.php?rest_route=\/wp\/v2\/posts\/6404\/revisions\/6406"}],"wp:attachment":[{"href":"https:\/\/www.ecuadoraldia.com.ec\/index.php?rest_route=%2Fwp%2Fv2%2Fmedia&parent=6404"}],"wp:term":[{"taxonomy":"category","embeddable":true,"href":"https:\/\/www.ecuadoraldia.com.ec\/index.php?rest_route=%2Fwp%2Fv2%2Fcategories&post=6404"},{"taxonomy":"post_tag","embeddable":true,"href":"https:\/\/www.ecuadoraldia.com.ec\/index.php?rest_route=%2Fwp%2Fv2%2Ftags&post=6404"}],"curies":[{"name":"wp","href":"https:\/\/api.w.org\/{rel}","templated":true}]}}