{"id":6407,"date":"2014-12-06T23:31:04","date_gmt":"2014-12-06T23:31:04","guid":{"rendered":"http:\/\/www.ecuadoraldia.com.ec\/?p=6407"},"modified":"2014-12-06T23:32:17","modified_gmt":"2014-12-06T23:32:17","slug":"lamigracion-en-el-ecuador-causas-y-efectos-de-la-migracion","status":"publish","type":"post","link":"https:\/\/www.ecuadoraldia.com.ec\/?p=6407","title":{"rendered":"Lamigraci\u00f3n en el Ecuador: Causas y efectos"},"content":{"rendered":"<p style=\"text-align: justify;\"><a href=\"http:\/\/www.ecuadoraldia.com.ec\/wp-content\/uploads\/2014\/12\/mira.jpg\"><img loading=\"lazy\" decoding=\"async\" class=\"alignleft size-medium wp-image-6408\" src=\"http:\/\/www.ecuadoraldia.com.ec\/wp-content\/uploads\/2014\/12\/mira-300x243.jpg\" alt=\"mira\" width=\"300\" height=\"243\" srcset=\"https:\/\/www.ecuadoraldia.com.ec\/wp-content\/uploads\/2014\/12\/mira-300x243.jpg 300w, https:\/\/www.ecuadoraldia.com.ec\/wp-content\/uploads\/2014\/12\/mira.jpg 320w\" sizes=\"(max-width: 300px) 100vw, 300px\" \/><\/a>La Migraci\u00f3n de miles de ecuatorianos se debe; al mal uso de los recursos que genera la econom\u00eda ecuatoriana, a la incapacidad administrativa nacional, a la falta de compromiso de los pol\u00edticos ecuatorianos y un alto \u00edndice de corrupci\u00f3n, lo que nos lleva a altas tasa de desempleo. Esto motiva a la decisi\u00f3n de migrar y mejorar su nivel y calidad de vida.<\/p>\n<p style=\"text-align: justify;\">Causas de la migraci\u00f3n:<br \/>\n* Crisis econ\u00f3mica<br \/>\n* Disminuci\u00f3n de empleo<br \/>\n* B\u00fasqueda de un mejor futuro que no se distingue en Ecuador, ni con mayor capacitaci\u00f3n.<br \/>\n* Obtener una remuneraci\u00f3n m\u00e1s digna para mejorar el nivel de vida.<br \/>\n* Reuni\u00f3n familiar.<\/p>\n<p style=\"text-align: justify;\">Consecuencias de la migraci\u00f3n:<br \/>\n* Desintegraci\u00f3n familiar.<br \/>\n* Creaci\u00f3n de pandillas, esto incluye la drogadicci\u00f3n y el alcoholismo en j\u00f3venes.<br \/>\n* El impacto recae sobre los hijos de los inmigrantes los cuales sufren abusos como pueden ser: sexuales, f\u00edsicos y psicol\u00f3gicos.<br \/>\n* Explotaci\u00f3n y abuso de la mano de obra tanto en hombres como mujeres.<br \/>\n* Enfrentar problemas de deportaci\u00f3n ya que los inmigrantes se encuentran indocumentados y se convierten en pr\u00f3fugos de la ley.<br \/>\n* Arriesgan su vida y en ocasiones perderlas; por buscar una fuente de trabajo fuera del pa\u00eds.<\/p>\n<p style=\"text-align: justify;\">Soluciones para la migraci\u00f3n:<br \/>\n* El estado debe implementar fuentes de trabajo, explotando los recursos naturales que nos brinda el Ecuador.<br \/>\n* Incrementar microempresas mediante financiamientos, gu\u00edas y asistencias b\u00e1sicas.<br \/>\n* La educaci\u00f3n debe ser brindada en condiciones \u00f3ptimas, con maestros bien instruidos y de alto nivel acad\u00e9mico.<br \/>\nEl presidente y el gobierno deben controlar la migraci\u00f3n e informar a la sociedad sobre los peligros y traumas que pueden sufrir sus familias y en especial los ni\u00f1os.<\/p>\n<p style=\"text-align: justify;\">Beneficios:<br \/>\n* La migraci\u00f3n a aportado ingresos considerables a la econom\u00eda del pa\u00eds ya que es el segundo ingreso m\u00e1s importante despu\u00e9s del petr\u00f3leo.<br \/>\n* Mejoramiento de la condiciones de vida de muchas familias\/http:\/\/carmita-penaranda.blogspot.com\/<\/p>\n","protected":false},"excerpt":{"rendered":"<p>La Migraci\u00f3n de miles de ecuatorianos se debe; al mal uso de los recursos que genera la econom\u00eda ecuatoriana, a<\/p>\n","protected":false},"author":1,"featured_media":0,"comment_status":"open","ping_status":"open","sticky":false,"template":"","format":"standard","meta":{"footnotes":""},"categories":[17],"tags":[],"_links":{"self":[{"href":"https:\/\/www.ecuadoraldia.com.ec\/index.php?rest_route=\/wp\/v2\/posts\/6407"}],"collection":[{"href":"https:\/\/www.ecuadoraldia.com.ec\/index.php?rest_route=\/wp\/v2\/posts"}],"about":[{"href":"https:\/\/www.ecuadoraldia.com.ec\/index.php?rest_route=\/wp\/v2\/types\/post"}],"author":[{"embeddable":true,"href":"https:\/\/www.ecuadoraldia.com.ec\/index.php?rest_route=\/wp\/v2\/users\/1"}],"replies":[{"embeddable":true,"href":"https:\/\/www.ecuadoraldia.com.ec\/index.php?rest_route=%2Fwp%2Fv2%2Fcomments&post=6407"}],"version-history":[{"count":2,"href":"https:\/\/www.ecuadoraldia.com.ec\/index.php?rest_route=\/wp\/v2\/posts\/6407\/revisions"}],"predecessor-version":[{"id":6410,"href":"https:\/\/www.ecuadoraldia.com.ec\/index.php?rest_route=\/wp\/v2\/posts\/6407\/revisions\/6410"}],"wp:attachment":[{"href":"https:\/\/www.ecuadoraldia.com.ec\/index.php?rest_route=%2Fwp%2Fv2%2Fmedia&parent=6407"}],"wp:term":[{"taxonomy":"category","embeddable":true,"href":"https:\/\/www.ecuadoraldia.com.ec\/index.php?rest_route=%2Fwp%2Fv2%2Fcategories&post=6407"},{"taxonomy":"post_tag","embeddable":true,"href":"https:\/\/www.ecuadoraldia.com.ec\/index.php?rest_route=%2Fwp%2Fv2%2Ftags&post=6407"}],"curies":[{"name":"wp","href":"https:\/\/api.w.org\/{rel}","templated":true}]}}