{"id":6412,"date":"2014-12-07T00:50:33","date_gmt":"2014-12-07T00:50:33","guid":{"rendered":"http:\/\/www.ecuadoraldia.com.ec\/?p=6412"},"modified":"2014-12-07T00:50:33","modified_gmt":"2014-12-07T00:50:33","slug":"para-2016-ecuador-inaugurara-cerca-de-la-frontera-con-peru-uno-de-los-mejores-y-mas-modernos-teatros-del-pais","status":"publish","type":"post","link":"https:\/\/www.ecuadoraldia.com.ec\/?p=6412","title":{"rendered":"Para 2016 Ecuador inaugurar\u00e1 cerca de la frontera con Per\u00fa uno de los \u00abmejores y m\u00e1s modernos\u00bb teatros del pa\u00eds"},"content":{"rendered":"<p><a href=\"http:\/\/www.ecuadoraldia.com.ec\/wp-content\/uploads\/2014\/12\/ecuador-peru.jpg\"><img loading=\"lazy\" decoding=\"async\" class=\"alignleft size-medium wp-image-6413\" src=\"http:\/\/www.ecuadoraldia.com.ec\/wp-content\/uploads\/2014\/12\/ecuador-peru-300x130.jpg\" alt=\"ecuador-peru\" width=\"300\" height=\"130\" srcset=\"https:\/\/www.ecuadoraldia.com.ec\/wp-content\/uploads\/2014\/12\/ecuador-peru-300x130.jpg 300w, https:\/\/www.ecuadoraldia.com.ec\/wp-content\/uploads\/2014\/12\/ecuador-peru.jpg 496w\" sizes=\"(max-width: 300px) 100vw, 300px\" \/><\/a>Quito, 6 dic (Andes).- En 2016 ser\u00e1 inaugurado en la provincia de Loja (frontera con Per\u00fa), \u201cel mejor y m\u00e1s moderno teatro del pa\u00eds\u201d con la realizaci\u00f3n de un festival internacional de teatro, afirm\u00f3 este s\u00e1bado el presidente Rafael Correa.<\/p>\n<p>\u201cEl teatro tendr\u00e1 alrededor de 1.000 butacas ultra modernas. Ser\u00e1 el m\u00e1s moderno del pa\u00eds y Loja se lo merece, pues es considerada la capital cultural del pa\u00eds\u201d, asever\u00f3 el jefe de Estado en su informe semanal de labores desde la Mitad del Mundo, localidad cercana a Quito.<\/p>\n<p>La inversi\u00f3n estatal para la construcci\u00f3n del teatro es de 16 millones de d\u00f3lares y para la inauguraci\u00f3n prevista para 2016 se organizar\u00e1 un festival internacional de teatro, que el primer mandatario considera ser\u00e1 un \u201checho hist\u00f3rico\u201d en el pa\u00eds suramericano.<\/p>\n<p>Adem\u00e1s dijo que convers\u00f3 con el secretario general de la Uni\u00f3n de Naciones Suramericanas (Unasur), Ernesto Samper, para impulsar en la regi\u00f3n una permanente actividad cultural.<\/p>\n<p>La ciudad de Loja, ubicada en el sur de Ecuador y hom\u00f3nima con la provincia fue cuna de varios destacados artistas e intelectuales como Benjam\u00edn Carri\u00f3n, fundador de la Casa de la Cultura y reconocidos escritores como Pablo Palacio, \u00c1ngel Felic\u00edsimo Rojas, Miguel \u00c1ngel Aguirre, Manuel Agust\u00edn Aguirre, entre otros.(Andes)<\/p>\n","protected":false},"excerpt":{"rendered":"<p>Quito, 6 dic (Andes).- En 2016 ser\u00e1 inaugurado en la provincia de Loja (frontera con Per\u00fa), \u201cel mejor y m\u00e1s<\/p>\n","protected":false},"author":1,"featured_media":0,"comment_status":"open","ping_status":"open","sticky":false,"template":"","format":"standard","meta":{"footnotes":""},"categories":[3],"tags":[],"_links":{"self":[{"href":"https:\/\/www.ecuadoraldia.com.ec\/index.php?rest_route=\/wp\/v2\/posts\/6412"}],"collection":[{"href":"https:\/\/www.ecuadoraldia.com.ec\/index.php?rest_route=\/wp\/v2\/posts"}],"about":[{"href":"https:\/\/www.ecuadoraldia.com.ec\/index.php?rest_route=\/wp\/v2\/types\/post"}],"author":[{"embeddable":true,"href":"https:\/\/www.ecuadoraldia.com.ec\/index.php?rest_route=\/wp\/v2\/users\/1"}],"replies":[{"embeddable":true,"href":"https:\/\/www.ecuadoraldia.com.ec\/index.php?rest_route=%2Fwp%2Fv2%2Fcomments&post=6412"}],"version-history":[{"count":1,"href":"https:\/\/www.ecuadoraldia.com.ec\/index.php?rest_route=\/wp\/v2\/posts\/6412\/revisions"}],"predecessor-version":[{"id":6414,"href":"https:\/\/www.ecuadoraldia.com.ec\/index.php?rest_route=\/wp\/v2\/posts\/6412\/revisions\/6414"}],"wp:attachment":[{"href":"https:\/\/www.ecuadoraldia.com.ec\/index.php?rest_route=%2Fwp%2Fv2%2Fmedia&parent=6412"}],"wp:term":[{"taxonomy":"category","embeddable":true,"href":"https:\/\/www.ecuadoraldia.com.ec\/index.php?rest_route=%2Fwp%2Fv2%2Fcategories&post=6412"},{"taxonomy":"post_tag","embeddable":true,"href":"https:\/\/www.ecuadoraldia.com.ec\/index.php?rest_route=%2Fwp%2Fv2%2Ftags&post=6412"}],"curies":[{"name":"wp","href":"https:\/\/api.w.org\/{rel}","templated":true}]}}