{"id":6420,"date":"2014-12-07T15:52:47","date_gmt":"2014-12-07T15:52:47","guid":{"rendered":"http:\/\/www.ecuadoraldia.com.ec\/?p=6420"},"modified":"2014-12-07T15:53:13","modified_gmt":"2014-12-07T15:53:13","slug":"con-musica-y-sesion-solemne-quito-cerro-sus-fiestas-de-los-480-anos-de-fundacion-espanola","status":"publish","type":"post","link":"https:\/\/www.ecuadoraldia.com.ec\/?p=6420","title":{"rendered":"Con m\u00fasica y sesi\u00f2n solemne, Quito cerr\u00f3 sus fiestas de los 480 a\u00f1os de fundaci\u00f2n espa\u00f1ola"},"content":{"rendered":"<figure id=\"attachment_6421\" aria-describedby=\"caption-attachment-6421\" style=\"width: 300px\" class=\"wp-caption alignleft\"><a href=\"http:\/\/www.ecuadoraldia.com.ec\/wp-content\/uploads\/2014\/12\/fiestas-quito.jpg\"><img loading=\"lazy\" decoding=\"async\" class=\"size-medium wp-image-6421\" src=\"http:\/\/www.ecuadoraldia.com.ec\/wp-content\/uploads\/2014\/12\/fiestas-quito-300x164.jpg\" alt=\"foto internet\" width=\"300\" height=\"164\" srcset=\"https:\/\/www.ecuadoraldia.com.ec\/wp-content\/uploads\/2014\/12\/fiestas-quito-300x164.jpg 300w, https:\/\/www.ecuadoraldia.com.ec\/wp-content\/uploads\/2014\/12\/fiestas-quito.jpg 612w\" sizes=\"(max-width: 300px) 100vw, 300px\" \/><\/a><figcaption id=\"caption-attachment-6421\" class=\"wp-caption-text\">foto internet<\/figcaption><\/figure>\n<p style=\"text-align: justify;\">Con el tradicional: \u2018\u00a1Que viva Quito!\u2019 que se escuch\u00f3 durante todo los festejosde los 480 a\u00f1os de fundaci\u00f2n de la CARITA DE DIOS, se di\u00f2 por culminada las fiestas capitalinas. Los artistas,la m\u00f9sica, desfiles, coches de madera, marcaron la tradici\u00f2n de las diferentes jornadas. En la Plaza Quitumbe, los festejos terminaron ayer, con el concierto de Ricardo Montaner, Elvis Crespo, entre otros. En los que no pudo faltar los juegos pirot\u00e8cnicos. Al norte tambien hubo festejos. En os tradicionales barrios, como el \u00abChevezazo\u00bb, la Maruscal, Ithchimb\u00eca, la gente acudi\u00f2 a celebrar como todos lo a\u00f1os. Lo que marca la celebraci\u00f2n de las capital es la prohibici\u00f2n de consumir alcohol durante la jornada de celebridad. Las bandas de guerra de los colegios, que ahora se denominan bandas de paz, es otro de los cambios que se han dado a trav\u00e8s de la fundaci\u00f2n vivamos la fiesta en paz, se hace conciencia en la poblaci\u00f2n.<\/p>\n<p style=\"text-align: justify;\">Ahora a Quito se la festeja sin alcohol, al menos 200metros a la redonda donde se realizaron los concierts, se prohibi\u00f2 el consumo de bebidas alcoholicas. En el desfile participaron las bandas de paz de los colegios Montalvo, Mej\u00eda, Mont\u00fafar, Central T\u00e9cnico, 24 de Mayo, Fern\u00e1ndez Madrid, Militar, entre otros.<\/p>\n<p style=\"text-align: justify;\">De su lado, el alcalde de Quito, Mauricio Rodas, quien participo de los festejos, dijo que ratificaba su compromiso de trabajar en forma coordinada con las autoridades nacionales. Durante la sesi\u00f2n solemne, solicit\u00f3 otra reuni\u00f3n con el presidente Correa, con miras a lograr encontrar soluciones para la construcci\u00f3n del Metro.<\/p>\n<p style=\"text-align: justify;\">Rodas sostuvo que como prioridad se propone un sistema multimodal de transporte, que tenga al Metro como columna vertebral. \u201cEstamos convencidos que entre autoridades p\u00fablicas debe prevalecer el di\u00e1logo\u201d.<\/p>\n<p style=\"text-align: justify;\">El alcalde anunci\u00f3 que el 12 de diciembre se entregar\u00e1 la segunda fase de la Ruta Viva y presentar\u00e1 el nuevo Plan de Movilidad 2015-2025 a principios de enero.<\/p>\n<p style=\"text-align: justify;\">A Enrique Santamar\u00eda le gust\u00f3 el desfile. \u201cSiempre ser\u00e1 grande mirar a los j\u00f3venes rendir un homenaje por la ciudad\u201d, dijo. Sin embargo, a Carlos S\u00e1nchez no le gust\u00f3 el espect\u00e1culo, \u201cson fiestas de Quito y muchos colegios en vez de interpretar pasacalles, sanjuanitos de nuestra tierra, interpretaron canciones de otros pa\u00edses como de Bolivia\u201d.<br \/>\nAhora solo falta conocer de las autoridades encargadas de la seguridad, los resultados de los operativos de control, para determinar si hubo hechos que lamentar, en casos como accidentes de tr\u00e0nsito, heridos, por ri\u00f1as, ca\u00ecdas de las CHIVAS, etc.<\/p>\n<p style=\"text-align: justify;\">\n","protected":false},"excerpt":{"rendered":"<p>Con el tradicional: \u2018\u00a1Que viva Quito!\u2019 que se escuch\u00f3 durante todo los festejosde los 480 a\u00f1os de fundaci\u00f2n de la<\/p>\n","protected":false},"author":1,"featured_media":0,"comment_status":"open","ping_status":"open","sticky":false,"template":"","format":"standard","meta":{"footnotes":""},"categories":[1],"tags":[],"_links":{"self":[{"href":"https:\/\/www.ecuadoraldia.com.ec\/index.php?rest_route=\/wp\/v2\/posts\/6420"}],"collection":[{"href":"https:\/\/www.ecuadoraldia.com.ec\/index.php?rest_route=\/wp\/v2\/posts"}],"about":[{"href":"https:\/\/www.ecuadoraldia.com.ec\/index.php?rest_route=\/wp\/v2\/types\/post"}],"author":[{"embeddable":true,"href":"https:\/\/www.ecuadoraldia.com.ec\/index.php?rest_route=\/wp\/v2\/users\/1"}],"replies":[{"embeddable":true,"href":"https:\/\/www.ecuadoraldia.com.ec\/index.php?rest_route=%2Fwp%2Fv2%2Fcomments&post=6420"}],"version-history":[{"count":2,"href":"https:\/\/www.ecuadoraldia.com.ec\/index.php?rest_route=\/wp\/v2\/posts\/6420\/revisions"}],"predecessor-version":[{"id":6423,"href":"https:\/\/www.ecuadoraldia.com.ec\/index.php?rest_route=\/wp\/v2\/posts\/6420\/revisions\/6423"}],"wp:attachment":[{"href":"https:\/\/www.ecuadoraldia.com.ec\/index.php?rest_route=%2Fwp%2Fv2%2Fmedia&parent=6420"}],"wp:term":[{"taxonomy":"category","embeddable":true,"href":"https:\/\/www.ecuadoraldia.com.ec\/index.php?rest_route=%2Fwp%2Fv2%2Fcategories&post=6420"},{"taxonomy":"post_tag","embeddable":true,"href":"https:\/\/www.ecuadoraldia.com.ec\/index.php?rest_route=%2Fwp%2Fv2%2Ftags&post=6420"}],"curies":[{"name":"wp","href":"https:\/\/api.w.org\/{rel}","templated":true}]}}