{"id":6428,"date":"2014-12-08T23:09:46","date_gmt":"2014-12-08T23:09:46","guid":{"rendered":"http:\/\/www.ecuadoraldia.com.ec\/?p=6428"},"modified":"2014-12-08T23:09:46","modified_gmt":"2014-12-08T23:09:46","slug":"infraestructura-regional-sera-una-prioridad-de-unasur","status":"publish","type":"post","link":"https:\/\/www.ecuadoraldia.com.ec\/?p=6428","title":{"rendered":"Infraestructura regional ser\u00e1 una prioridad de Unasur"},"content":{"rendered":"<p style=\"text-align: justify;\"><a href=\"http:\/\/www.ecuadoraldia.com.ec\/wp-content\/uploads\/2014\/12\/samper.jpg\"><img loading=\"lazy\" decoding=\"async\" class=\"alignleft size-medium wp-image-6429\" src=\"http:\/\/www.ecuadoraldia.com.ec\/wp-content\/uploads\/2014\/12\/samper-300x199.jpg\" alt=\"samper\" width=\"300\" height=\"199\" srcset=\"https:\/\/www.ecuadoraldia.com.ec\/wp-content\/uploads\/2014\/12\/samper-300x199.jpg 300w, https:\/\/www.ecuadoraldia.com.ec\/wp-content\/uploads\/2014\/12\/samper.jpg 450w\" sizes=\"(max-width: 300px) 100vw, 300px\" \/><\/a>Ernesto Samper, secretario general de Unasur, realiz\u00f3 hoy un balance de la Cumbre de Jefes de Estado de los 12 pa\u00edses miembros de la organizaci\u00f3n, que se realiz\u00f3 la semana pasada en Quito y Guayaquil.<\/p>\n<p style=\"text-align: justify;\">Dijo que los mandatarios definieron 30 proyectos de inter\u00e9s para la regi\u00f3n y 7 proyectos de conexi\u00f3n intraregional como prioritarios.<\/p>\n<p style=\"text-align: justify;\">Entre los proyectos de infraestructura vial en la regi\u00f3n, que se concretar\u00edan a trav\u00e9s del Consejo Suramericano de Infraestructura y Planeamiento (Cosiplan), est\u00e1n el corredor vial Caracas \u2013 Bogot\u00e1 \u2013 Buenaventura \u2013 Quito, as\u00ed como el acceso nororiental al r\u00edo Amazonas. Otra obra ser\u00e1 la construcci\u00f3n del corredor ferroviario bioce\u00e1nico Paranagu\u00e1 \u2013 Antofagasta, adem\u00e1s de rutas de conexi\u00f3n entre Venezuela y Suriname. Adem\u00e1s est\u00e1 previsto el mejoramiento de la navegabilidad de los r\u00edos de la cuenca del Plata, la conexi\u00f3n vial Foz- Ciudad del Este- Asunci\u00f3n \u2013 Clorinda y la interconexi\u00f3n ferroviaria entre Paraguay \u2013 Argentina \u2013 Uruguay.<\/p>\n<p style=\"text-align: justify;\">Samper explic\u00f3 que para la construcci\u00f3n de estas obras se necesita una inversi\u00f3n entre $12 y $14 mil millones, ya que se los considera como proyectos de larga duraci\u00f3n.<\/p>\n<p style=\"text-align: justify;\">Nueva pol\u00edtica de convergencia<\/p>\n<p style=\"text-align: justify;\">Seg\u00fan Samper, en el encuentro se analiz\u00f3 la nueva pol\u00edtica de convergencia e integraci\u00f3n que llevan adelante el Mercado Com\u00fan del Sur (Mercosur), la Alianza Bolivariana para los Pueblos de Nuestra Am\u00e9rica (Alba), la Comunidad Andina de Naciones (CAN), y la Alianza del Pac\u00edfico, \u00abpara que podamos encontrar un proyecto regional com\u00fan\u00bb. Indic\u00f3 que a inicios del pr\u00f3ximo a\u00f1o se realizar\u00e1n mesas de convergencia para tratar estos temas.<\/p>\n<p style=\"text-align: justify;\">Otro punto que trataron los mandatarios fue la ciudadan\u00eda sudamericana, a trav\u00e9s de la cual cerca de 400 millones de sudamericanos puedan trabajar y desplazarse libremente por los 18 millones de kil\u00f3metros cuadrados de la regi\u00f3n. \u201cQueremos que los documentos de identidad de cada pa\u00eds puedan usarlos como pasaportes, que se realice una homologaci\u00f3n de p\u00e9nsums acad\u00e9micos, que se puedan validar los t\u00edtulos profesionales, que sea toda una propuesta para la integraci\u00f3n sudamericana\u201d, apunt\u00f3.<\/p>\n<p style=\"text-align: justify;\">El Secretario General de Unasur tambi\u00e9n sostuvo que a partir del pr\u00f3ximo a\u00f1o se establecer\u00e1 un banco de precios de medicamentos, para la referencia de tarifas entre los pa\u00edses de la regi\u00f3n y tambi\u00e9n para la producci\u00f3n de medicamentos gen\u00e9ricos sudamericanos. \u201cLos 2 proyectos est\u00e1n financiados y funcionando\u201d, subray\u00f3.<\/p>\n<p style=\"text-align: justify;\">Tambi\u00e9n se aprob\u00f3 la creaci\u00f3n de la Escuela de Defensa, la misma que no tendr\u00e1 un sistema presencial, sino virtual. Esta escuela funcionar\u00e1 en la nueva sede de Unasur y coordinar\u00e1 con los centros acad\u00e9micos de defensa de la regi\u00f3n.<\/p>\n<p style=\"text-align: justify;\">Samper coment\u00f3 que desde el 12 de enero de 2015 ocupar\u00e1n las nuevas instalaciones de la sede de Unasur, que est\u00e1n )oubicadas en la Mitad del Mundo (noroccidente de Quito. (Tel\u00e9grafo)<\/p>\n","protected":false},"excerpt":{"rendered":"<p>Ernesto Samper, secretario general de Unasur, realiz\u00f3 hoy un balance de la Cumbre de Jefes de Estado de los 12<\/p>\n","protected":false},"author":1,"featured_media":0,"comment_status":"open","ping_status":"open","sticky":false,"template":"","format":"standard","meta":{"footnotes":""},"categories":[1],"tags":[],"_links":{"self":[{"href":"https:\/\/www.ecuadoraldia.com.ec\/index.php?rest_route=\/wp\/v2\/posts\/6428"}],"collection":[{"href":"https:\/\/www.ecuadoraldia.com.ec\/index.php?rest_route=\/wp\/v2\/posts"}],"about":[{"href":"https:\/\/www.ecuadoraldia.com.ec\/index.php?rest_route=\/wp\/v2\/types\/post"}],"author":[{"embeddable":true,"href":"https:\/\/www.ecuadoraldia.com.ec\/index.php?rest_route=\/wp\/v2\/users\/1"}],"replies":[{"embeddable":true,"href":"https:\/\/www.ecuadoraldia.com.ec\/index.php?rest_route=%2Fwp%2Fv2%2Fcomments&post=6428"}],"version-history":[{"count":1,"href":"https:\/\/www.ecuadoraldia.com.ec\/index.php?rest_route=\/wp\/v2\/posts\/6428\/revisions"}],"predecessor-version":[{"id":6430,"href":"https:\/\/www.ecuadoraldia.com.ec\/index.php?rest_route=\/wp\/v2\/posts\/6428\/revisions\/6430"}],"wp:attachment":[{"href":"https:\/\/www.ecuadoraldia.com.ec\/index.php?rest_route=%2Fwp%2Fv2%2Fmedia&parent=6428"}],"wp:term":[{"taxonomy":"category","embeddable":true,"href":"https:\/\/www.ecuadoraldia.com.ec\/index.php?rest_route=%2Fwp%2Fv2%2Fcategories&post=6428"},{"taxonomy":"post_tag","embeddable":true,"href":"https:\/\/www.ecuadoraldia.com.ec\/index.php?rest_route=%2Fwp%2Fv2%2Ftags&post=6428"}],"curies":[{"name":"wp","href":"https:\/\/api.w.org\/{rel}","templated":true}]}}