{"id":6434,"date":"2014-12-08T23:20:39","date_gmt":"2014-12-08T23:20:39","guid":{"rendered":"http:\/\/www.ecuadoraldia.com.ec\/?p=6434"},"modified":"2014-12-08T23:20:39","modified_gmt":"2014-12-08T23:20:39","slug":"diputados-israelies-aprueban-disolver-el-parlamento","status":"publish","type":"post","link":"https:\/\/www.ecuadoraldia.com.ec\/?p=6434","title":{"rendered":"Diputados israel\u00edes aprueban disolver el Parlamento"},"content":{"rendered":"<p><a href=\"http:\/\/www.ecuadoraldia.com.ec\/wp-content\/uploads\/2014\/12\/congreso-iarrELI.jpg\"><img loading=\"lazy\" decoding=\"async\" class=\"alignleft size-medium wp-image-6435\" src=\"http:\/\/www.ecuadoraldia.com.ec\/wp-content\/uploads\/2014\/12\/congreso-iarrELI-300x178.jpg\" alt=\"congreso iarrELI\" width=\"300\" height=\"178\" srcset=\"https:\/\/www.ecuadoraldia.com.ec\/wp-content\/uploads\/2014\/12\/congreso-iarrELI-300x178.jpg 300w, https:\/\/www.ecuadoraldia.com.ec\/wp-content\/uploads\/2014\/12\/congreso-iarrELI.jpg 450w\" sizes=\"(max-width: 300px) 100vw, 300px\" \/><\/a>AFP. Los diputados israel\u00edes aprobaron este lunes por unanimidad la disoluci\u00f3n del Parlamento y confirmaron la fecha del 17 de marzo para la celebraci\u00f3n de las elecciones legislativas anticipadas.<\/p>\n<p style=\"text-align: justify;\">Al concluir un debate difundido por televisi\u00f3n, los miembros de la Knesset aprobaron por 93 votos a favor y ninguno en contra la disoluci\u00f3n. El Parlamento cuenta en total con 120 diputados.<\/p>\n<p style=\"text-align: justify;\">La disoluci\u00f3n se produce despu\u00e9s de que el primer ministro israel\u00ed, Benjamin Netanyahu, cesara la semana pasada a dos ministros centristas, Yair Lapid (Finanzas) y Tzipi Livni (Justicia), a quienes acus\u00f3 de intrigar contra \u00e9l.<\/p>\n<p style=\"text-align: justify;\">El jefe de gobierno conservador reclam\u00f3 adem\u00e1s elecciones legislativas, tres a\u00f1os antes del final de la legislatura, ya que, a su juicio, no pod\u00eda continuar dirigiendo el pa\u00eds.<\/p>\n<p style=\"text-align: justify;\">\u00abEl primer ministro de Israel cometi\u00f3 dos errores\u00bb, dijo Lapid. \u00abSu primer error fue llevar a Israel a unas completamente innecesarias elecciones\u00bb y \u00abel segundo error es que [las] perder\u00e1\u00bb, se\u00f1al\u00f3 el ministro cesado en el Parlamento.<\/p>\n<p style=\"text-align: justify;\">Para formar una nueva mayor\u00eda gubernamental despu\u00e9s de los comicios, Netanyahu indic\u00f3 que desea restablecer una alianza con los partidos ultraortodoxos, actualmente en la oposici\u00f3n, y mantener el acuerdo con dos partidos de derecha dura, Israel Beiteinu y Hogar Jud\u00edo, favorables a continuar con la colonizaci\u00f3n en los territorios palestinos ocupados.<\/p>\n<p style=\"text-align: justify;\">Por su parte, los dirigentes de dos partidos opositores &#8211;el partido laborista y la formaci\u00f3n de centro izquierda HaTnuah&#8211; dejaron la puerta abierta a formar un bloque de centro izquierda para vencer a Netanyahu y reanudar las negociaciones con los palestinos.<\/p>\n<p style=\"text-align: justify;\">Seg\u00fan un sondeo publicado a finales de la semana pasada por el diario econ\u00f3mico Globes, una lista conjunta entre el partido laborista y HaTnuah conseguir\u00eda 24 esca\u00f1os frente a los 23 atribuidos al Likud de Netanyahu.<\/p>\n","protected":false},"excerpt":{"rendered":"<p>AFP. Los diputados israel\u00edes aprobaron este lunes por unanimidad la disoluci\u00f3n del Parlamento y confirmaron la fecha del 17 de<\/p>\n","protected":false},"author":1,"featured_media":0,"comment_status":"open","ping_status":"open","sticky":false,"template":"","format":"standard","meta":{"footnotes":""},"categories":[7],"tags":[],"_links":{"self":[{"href":"https:\/\/www.ecuadoraldia.com.ec\/index.php?rest_route=\/wp\/v2\/posts\/6434"}],"collection":[{"href":"https:\/\/www.ecuadoraldia.com.ec\/index.php?rest_route=\/wp\/v2\/posts"}],"about":[{"href":"https:\/\/www.ecuadoraldia.com.ec\/index.php?rest_route=\/wp\/v2\/types\/post"}],"author":[{"embeddable":true,"href":"https:\/\/www.ecuadoraldia.com.ec\/index.php?rest_route=\/wp\/v2\/users\/1"}],"replies":[{"embeddable":true,"href":"https:\/\/www.ecuadoraldia.com.ec\/index.php?rest_route=%2Fwp%2Fv2%2Fcomments&post=6434"}],"version-history":[{"count":1,"href":"https:\/\/www.ecuadoraldia.com.ec\/index.php?rest_route=\/wp\/v2\/posts\/6434\/revisions"}],"predecessor-version":[{"id":6436,"href":"https:\/\/www.ecuadoraldia.com.ec\/index.php?rest_route=\/wp\/v2\/posts\/6434\/revisions\/6436"}],"wp:attachment":[{"href":"https:\/\/www.ecuadoraldia.com.ec\/index.php?rest_route=%2Fwp%2Fv2%2Fmedia&parent=6434"}],"wp:term":[{"taxonomy":"category","embeddable":true,"href":"https:\/\/www.ecuadoraldia.com.ec\/index.php?rest_route=%2Fwp%2Fv2%2Fcategories&post=6434"},{"taxonomy":"post_tag","embeddable":true,"href":"https:\/\/www.ecuadoraldia.com.ec\/index.php?rest_route=%2Fwp%2Fv2%2Ftags&post=6434"}],"curies":[{"name":"wp","href":"https:\/\/api.w.org\/{rel}","templated":true}]}}