{"id":6437,"date":"2014-12-08T23:26:22","date_gmt":"2014-12-08T23:26:22","guid":{"rendered":"http:\/\/www.ecuadoraldia.com.ec\/?p=6437"},"modified":"2014-12-08T23:26:22","modified_gmt":"2014-12-08T23:26:22","slug":"prevencion-y-lucha-contra-la-corrupcion-reune-en-quito-a-autoridades-de-la-celac","status":"publish","type":"post","link":"https:\/\/www.ecuadoraldia.com.ec\/?p=6437","title":{"rendered":"Prevenci\u00f3n y lucha contra la corrupci\u00f3n re\u00fane en Quito a autoridades de la Celac"},"content":{"rendered":"<p style=\"text-align: justify;\"><a href=\"http:\/\/www.ecuadoraldia.com.ec\/wp-content\/uploads\/2014\/12\/CELAC.jpg\"><img loading=\"lazy\" decoding=\"async\" class=\"alignleft size-medium wp-image-6438\" src=\"http:\/\/www.ecuadoraldia.com.ec\/wp-content\/uploads\/2014\/12\/CELAC-300x199.jpg\" alt=\"CELAC\" width=\"300\" height=\"199\" srcset=\"https:\/\/www.ecuadoraldia.com.ec\/wp-content\/uploads\/2014\/12\/CELAC-300x199.jpg 300w, https:\/\/www.ecuadoraldia.com.ec\/wp-content\/uploads\/2014\/12\/CELAC.jpg 450w\" sizes=\"(max-width: 300px) 100vw, 300px\" \/><\/a>Esta ma\u00f1ana en el Swiss\u00f4tel, en Quito, se inaugur\u00f3 la II Reuni\u00f3n de Ministros y altas autoridades de Prevenci\u00f3n y Lucha contra la corrupci\u00f3n de la Comunidad de Estados Latinoamericanos y Caribe\u00f1os (Celac).<\/p>\n<p style=\"text-align: justify;\">En esta cita se analizar\u00e1 hasta ma\u00f1ana las mejores pr\u00e1cticas de prevenci\u00f3n y lucha contra la corrupci\u00f3n de los pa\u00edses miembros, entre ellas Ley Org\u00e1nica de Transparencia y Acceso a la Informaci\u00f3n P\u00fablica (Lotaip) ecuatoriana.<\/p>\n<p style=\"text-align: justify;\">Adem\u00e1s se firmar\u00e1 la Declaraci\u00f3n de Quito que busca fortalecer los resultados en las acciones de prevenci\u00f3n y transparencia en la regi\u00f3n.<\/p>\n<p style=\"text-align: justify;\">En el encuentro particip\u00f3 Vinicio Alvarado, secretario nacional de la Administraci\u00f3n P\u00fablica, adem\u00e1s del embajador Galo Galarza, coordinador de la Celac en Ecuador.<\/p>\n<p style=\"text-align: justify;\">Vinicio Alvarado resalt\u00f3 el trabajo que se realiza a nivel regional para prevenir y combatir la corrupci\u00f3n.<\/p>\n<p style=\"text-align: justify;\">Ernesto Valle, subsecretario General de Transparencia, resalt\u00f3 que la Lotaip permite al ciudadano ser el primer fiscalizador de los funcionarios p\u00fablicos. \u201cLa lucha contra la corrupci\u00f3n no nace solo del Estado, se necesita apoyo de la colectividad\u201d, insisti\u00f3 el funcionario.<\/p>\n<p style=\"text-align: justify;\">Galo Galarza, coordinador nacional de CELAC en Ecuador, dijo que Am\u00e9rica Latina y el Caribe \u00abtiene una sola voz en muchas materias\u00bb. El embajador resalt\u00f3 la inauguraci\u00f3n de la sede de Unasur en el Ecuador.<\/p>\n<p style=\"text-align: justify;\">Esta es la segunda reuni\u00f3n de las altas autoridades. El primer encuentro se realiz\u00f3 el 8 de diciembre de 2013, en Bolivia. En esta primera reuni\u00f3n, los representantes de los 16 pa\u00edses asumieron la importancia de combatir los actos de corrupci\u00f3n de forma rigurosa, sin impedimentos para su investigaci\u00f3n, enjuiciamiento y sanci\u00f3n.<\/p>\n<p style=\"text-align: justify;\">Los representantes de los pa\u00edses de la Celac esperan que la Declaratoria de Quito incluya la integraci\u00f3n del grupo de trabajo especializado en prevenci\u00f3n y lucha contra la corrupci\u00f3n y se propondr\u00e1 un sistema de evaluaci\u00f3n y medici\u00f3n de los pa\u00edses miembros de la Celac en esta materia.<\/p>\n<p>En enero de 2015 se realizar\u00e1 la III Cumbre de la Celac en San Jos\u00e9, Costa Rica, en donde Ecuador asumir\u00e1 la Presidencia pro t\u00e9mpore, lo cual permitir\u00e1 el fortalecimiento de las relaciones de Am\u00e9rica Latina y el Caribe para impulsar proyectos entre los pa\u00edses miembros.(Tel\u00e9grafo)<\/p>\n","protected":false},"excerpt":{"rendered":"<p>Esta ma\u00f1ana en el Swiss\u00f4tel, en Quito, se inaugur\u00f3 la II Reuni\u00f3n de Ministros y altas autoridades de Prevenci\u00f3n y<\/p>\n","protected":false},"author":1,"featured_media":0,"comment_status":"open","ping_status":"open","sticky":false,"template":"","format":"standard","meta":{"footnotes":""},"categories":[1],"tags":[],"_links":{"self":[{"href":"https:\/\/www.ecuadoraldia.com.ec\/index.php?rest_route=\/wp\/v2\/posts\/6437"}],"collection":[{"href":"https:\/\/www.ecuadoraldia.com.ec\/index.php?rest_route=\/wp\/v2\/posts"}],"about":[{"href":"https:\/\/www.ecuadoraldia.com.ec\/index.php?rest_route=\/wp\/v2\/types\/post"}],"author":[{"embeddable":true,"href":"https:\/\/www.ecuadoraldia.com.ec\/index.php?rest_route=\/wp\/v2\/users\/1"}],"replies":[{"embeddable":true,"href":"https:\/\/www.ecuadoraldia.com.ec\/index.php?rest_route=%2Fwp%2Fv2%2Fcomments&post=6437"}],"version-history":[{"count":1,"href":"https:\/\/www.ecuadoraldia.com.ec\/index.php?rest_route=\/wp\/v2\/posts\/6437\/revisions"}],"predecessor-version":[{"id":6439,"href":"https:\/\/www.ecuadoraldia.com.ec\/index.php?rest_route=\/wp\/v2\/posts\/6437\/revisions\/6439"}],"wp:attachment":[{"href":"https:\/\/www.ecuadoraldia.com.ec\/index.php?rest_route=%2Fwp%2Fv2%2Fmedia&parent=6437"}],"wp:term":[{"taxonomy":"category","embeddable":true,"href":"https:\/\/www.ecuadoraldia.com.ec\/index.php?rest_route=%2Fwp%2Fv2%2Fcategories&post=6437"},{"taxonomy":"post_tag","embeddable":true,"href":"https:\/\/www.ecuadoraldia.com.ec\/index.php?rest_route=%2Fwp%2Fv2%2Ftags&post=6437"}],"curies":[{"name":"wp","href":"https:\/\/api.w.org\/{rel}","templated":true}]}}