{"id":6449,"date":"2014-12-10T18:24:24","date_gmt":"2014-12-10T18:24:24","guid":{"rendered":"http:\/\/www.ecuadoraldia.com.ec\/?p=6449"},"modified":"2014-12-10T18:24:24","modified_gmt":"2014-12-10T18:24:24","slug":"presidente-correa-llama-a-reflexionar-sobre-contradicciones-del-sistema-interamericano-de-derechos-humanos","status":"publish","type":"post","link":"https:\/\/www.ecuadoraldia.com.ec\/?p=6449","title":{"rendered":"Presidente Correa llama a reflexionar sobre \u201ccontradicciones\u201d del sistema interamericano de derechos humanos"},"content":{"rendered":"<p><a href=\"http:\/\/www.ecuadoraldia.com.ec\/wp-content\/uploads\/2014\/12\/rfc.jpg\"><img loading=\"lazy\" decoding=\"async\" class=\"alignleft size-medium wp-image-6450\" src=\"http:\/\/www.ecuadoraldia.com.ec\/wp-content\/uploads\/2014\/12\/rfc-300x200.jpg\" alt=\"rfc\" width=\"300\" height=\"200\" srcset=\"https:\/\/www.ecuadoraldia.com.ec\/wp-content\/uploads\/2014\/12\/rfc-300x200.jpg 300w, https:\/\/www.ecuadoraldia.com.ec\/wp-content\/uploads\/2014\/12\/rfc.jpg 580w\" sizes=\"(max-width: 300px) 100vw, 300px\" \/><\/a>Quito, 10 dic (Andes).- El presidente ecuatoriano Rafael Correa resalt\u00f3 que su pa\u00eds es uno de los siete, entre 34, que han firmado todos los instrumentos interamericanos de derechos humanos y llam\u00f3 a reflexionar sobre el sistema interamericano y sus contradicciones, al conmemorarse este mi\u00e9rcoles el D\u00eda Internacional de los Derechos Humanos.<\/p>\n<p style=\"text-align: justify;\">\u201cEste d\u00eda que tambi\u00e9n nos sirva para reflexionar (sobre) las contradicciones del sistema de derechos humanos interamericano\u201d, se\u00f1al\u00f3 el mandatario en su cuenta en la red social Twitter.<\/p>\n<p style=\"text-align: justify;\">En varios mensajes contrast\u00f3 como Estados Unidos no ha rubricado ninguno estos documentos, siendo sede de la Comisi\u00f3n Interamericana de Derechos Humanos (CIDH) de la Organizaci\u00f3n de Estados Americanos (OEA).<\/p>\n<p style=\"text-align: justify;\">\u201c\u00bfResiste esto algo de l\u00f3gica?. Un fuerte abrazo, sobre todo al pueblo de EEUU\u201d, indic\u00f3.<\/p>\n<p style=\"text-align: justify;\">En otro de sus tuits tambi\u00e9n se refiri\u00f3 al \u201ccriminal\u201d bloqueo estadounidense a Cuba como \u201cel peor atentado a los derechos humanos en este continente\u201d.<\/p>\n<p style=\"text-align: justify;\">Correa se\u00f1al\u00f3, adem\u00e1s, que \u201ctodos los d\u00edas\u201d deber\u00edan ser para los derechos humanos y cit\u00f3 palabras del extinto pensador y pol\u00edtico indio Ghandi cuando dijo que \u201cla pobreza es la peor forma de violencia\u201d.<\/p>\n<p style=\"text-align: justify;\">En sus mensajes de esta jornada, el presidente ecuatoriano inst\u00f3 a profundizar sobre qu\u00e9 son los derechos humanos y cit\u00f3 entre sus consideraciones \u201cel derecho al pan, a la educaci\u00f3n, a la salud, al trabajo digno\u201d.<\/p>\n<p style=\"text-align: justify;\">Se refiri\u00f3 a los ataques de los \u00abpoderes f\u00e1cticos\u00bb en el pa\u00eds que buscan impunidad para que sus medios de comunicaci\u00f3n sigan manipulando la verdad y haciendo acusaciones de irrespeto a los derechos humanos. Dijo que esto ocurre porque \u201cya todos somos iguales ante la ley\u201d.<\/p>\n<p style=\"text-align: justify;\">Opin\u00f3 que cuando en Ecuador hablan de dictadura y autoritarismo, es \u201cporque ya no pueden someter a nuestro gobierno a sus caprichos\u201d y remarc\u00f3: \u201cpor fin la ley es para tod@s\u201d.<\/p>\n<p style=\"text-align: justify;\">El Estado ecuatoriano ha suscrito la Declaraci\u00f3n Universal de Derechos Humanos, el Pacto Internacional de Derechos Econ\u00f3micos, Sociales y Culturales, el de Derechos Civiles y Pol\u00edticos y el referido a la abolici\u00f3n de la pena de muerte.<\/p>\n<p style=\"text-align: justify;\">Adem\u00e1s, ha ratificado la Convenci\u00f3n Internacional sobre la Eliminaci\u00f3n de todas las Formas de Discriminaci\u00f3n Racial, la relativa a la Eliminaci\u00f3n de todas las Formas de Discriminaci\u00f3n contra la Mujer y el Protocolo Facultativo de esta \u00faltima Convenci\u00f3n sobre la mujer.<\/p>\n<p style=\"text-align: justify;\">En el listado est\u00e1n, adem\u00e1s, otros documentos firmados por Ecuador como la Convenci\u00f3n sobre los Derechos del Ni\u00f1o, el Protocolo Facultativo de la Convenci\u00f3n sobre los Derechos del Ni\u00f1o relativo a la venta de menores, la prostituci\u00f3n infantil y la utilizaci\u00f3n de ni\u00f1os en la pornograf\u00eda y el referido a la participaci\u00f3n de ni\u00f1os en los conflictos armados.<\/p>\n<p style=\"text-align: justify;\">A ello se suman la Convenci\u00f3n contra la Tortura y Otros Tratos o Penas Crueles, Inhumanos o Degradantes, el Protocolo Facultativo de esa Convenci\u00f3n y la Convenci\u00f3n Internacional sobre la Protecci\u00f3n de los Derechos de Todos los Trabajadores Migratorios y de sus Familiares.<\/p>\n<p style=\"text-align: justify;\">A pr\u00f3posito del D\u00eda Internacional de los Derechos Humanos, la Fiscal\u00eda ecuatoriana organiz\u00f3 el Seminario Internacional &#8216;Verdad, Justicia y Reparaci\u00f3n&#8217;, en el que participaron desde el lunes expertos de varios pa\u00edses. Adem\u00e1s, para este mi\u00e9rcoles est\u00e1 previsto que sea develado el mural &#8216;Grito de la Memoria&#8217; del artista Pavel \u00c9g\u00fcez en los exteriores del Ministerio P\u00fablico. La obra es considerada como el primer acto de reparaci\u00f3n del Estado hacia las v\u00edctimas de violaciones a los derechos humanos en el pa\u00eds.<\/p>\n","protected":false},"excerpt":{"rendered":"<p>Quito, 10 dic (Andes).- El presidente ecuatoriano Rafael Correa resalt\u00f3 que su pa\u00eds es uno de los siete, entre 34,<\/p>\n","protected":false},"author":1,"featured_media":0,"comment_status":"open","ping_status":"open","sticky":false,"template":"","format":"standard","meta":{"footnotes":""},"categories":[1],"tags":[],"_links":{"self":[{"href":"https:\/\/www.ecuadoraldia.com.ec\/index.php?rest_route=\/wp\/v2\/posts\/6449"}],"collection":[{"href":"https:\/\/www.ecuadoraldia.com.ec\/index.php?rest_route=\/wp\/v2\/posts"}],"about":[{"href":"https:\/\/www.ecuadoraldia.com.ec\/index.php?rest_route=\/wp\/v2\/types\/post"}],"author":[{"embeddable":true,"href":"https:\/\/www.ecuadoraldia.com.ec\/index.php?rest_route=\/wp\/v2\/users\/1"}],"replies":[{"embeddable":true,"href":"https:\/\/www.ecuadoraldia.com.ec\/index.php?rest_route=%2Fwp%2Fv2%2Fcomments&post=6449"}],"version-history":[{"count":1,"href":"https:\/\/www.ecuadoraldia.com.ec\/index.php?rest_route=\/wp\/v2\/posts\/6449\/revisions"}],"predecessor-version":[{"id":6451,"href":"https:\/\/www.ecuadoraldia.com.ec\/index.php?rest_route=\/wp\/v2\/posts\/6449\/revisions\/6451"}],"wp:attachment":[{"href":"https:\/\/www.ecuadoraldia.com.ec\/index.php?rest_route=%2Fwp%2Fv2%2Fmedia&parent=6449"}],"wp:term":[{"taxonomy":"category","embeddable":true,"href":"https:\/\/www.ecuadoraldia.com.ec\/index.php?rest_route=%2Fwp%2Fv2%2Fcategories&post=6449"},{"taxonomy":"post_tag","embeddable":true,"href":"https:\/\/www.ecuadoraldia.com.ec\/index.php?rest_route=%2Fwp%2Fv2%2Ftags&post=6449"}],"curies":[{"name":"wp","href":"https:\/\/api.w.org\/{rel}","templated":true}]}}