{"id":6462,"date":"2014-12-11T22:53:53","date_gmt":"2014-12-11T22:53:53","guid":{"rendered":"http:\/\/www.ecuadoraldia.com.ec\/?p=6462"},"modified":"2014-12-11T22:53:53","modified_gmt":"2014-12-11T22:53:53","slug":"unasur-y-enfarma-investigaran-enfermedades-transmitidas-por-vectores","status":"publish","type":"post","link":"https:\/\/www.ecuadoraldia.com.ec\/?p=6462","title":{"rendered":"Unasur y Enfarma investigar\u00e1n enfermedades transmitidas por vectores"},"content":{"rendered":"<p style=\"text-align: justify;\"><a href=\"http:\/\/www.ecuadoraldia.com.ec\/wp-content\/uploads\/2014\/12\/enfarma-unasur.jpg\"><img loading=\"lazy\" decoding=\"async\" class=\"alignleft size-medium wp-image-6463\" src=\"http:\/\/www.ecuadoraldia.com.ec\/wp-content\/uploads\/2014\/12\/enfarma-unasur-300x199.jpg\" alt=\"enfarma unasur\" width=\"300\" height=\"199\" srcset=\"https:\/\/www.ecuadoraldia.com.ec\/wp-content\/uploads\/2014\/12\/enfarma-unasur-300x199.jpg 300w, https:\/\/www.ecuadoraldia.com.ec\/wp-content\/uploads\/2014\/12\/enfarma-unasur.jpg 450w\" sizes=\"(max-width: 300px) 100vw, 300px\" \/><\/a>La Secretar\u00eda General de la Uni\u00f3n de Naciones Suramericanas (Unasur) y la Empresa P\u00fablica de F\u00e1rmacos (Enfarma) suscribieron hoy una carta de compromiso para ejecutar el proyecto de &#8216;Creaci\u00f3n de la Red de Investigaci\u00f3n Suramericana de Diagn\u00f3stico, Tratamiento y Control de enfermedades transmitidas por vectores&#8217;.<\/p>\n<p style=\"text-align: justify;\">La investigaci\u00f3n en el \u00e1rea de la ciencia y tecnolog\u00eda est\u00e1 copatrocinada por la Secretar\u00eda Nacional de Educaci\u00f3n Superior, Ciencia y Tecnolog\u00eda (Senescyt). Se invertir\u00e1n $ 93.000.<\/p>\n<p style=\"text-align: justify;\">Rina Pozo, subsecretaria general de la Senescyt, se\u00f1al\u00f3 que la tecnolog\u00eda no tiene fronteras y \u00abqu\u00e9 mejor si mantenemos esta integraci\u00f3n suramericana para impulsar la erradicaci\u00f3n de enfermedades\u00bb.<\/p>\n<p style=\"text-align: justify;\">A trav\u00e9s de esta alianza, los organismos desarrollar\u00e1n tecnolog\u00edas para vigilar enfermedades transmitidas por vectores (conductores) como el dengue, la enfermedad de chagas (tripanosomiasis americana), fibre amarilla, malaria, oncocercosis, peste, entre otras, que se presentan -especialmente- en la regi\u00f3n ecuatorial de Am\u00e9rica del Sur.<\/p>\n<p style=\"text-align: justify;\">As\u00ed tambi\u00e9n en planes est\u00e1 la implementaci\u00f3n de una Plataforma Digital de la Red de Investigaci\u00f3n Sudamericana de Diagn\u00f3stico, Tratamiento y Control de Enfermedades transmitidas por vectores que permita el libre intercambio de informaci\u00f3n cient\u00edfica, a\u00f1adi\u00f3 Ernesto Samper, secretario de Unasur.<\/p>\n<p style=\"text-align: justify;\">El cronograma de ejecuci\u00f3n del proyecto es de 12 meses. Se pondr\u00e1 en marcha entre enero y diciembre de 2015. Para ello, Enfarma, en su calidad de ejecutora, deber\u00e1 remitir a la Secretar\u00eda General de Unasur informes parciales sobre los avances.<\/p>\n<p style=\"text-align: justify;\">Al finalizar la ejecuci\u00f3n, la Secretaria General de la organizaci\u00f3n emitir\u00e1 al Consejo Sectorial los informes t\u00e9cnicos y financieros sobre el proyecto.<\/p>\n<p style=\"text-align: justify;\">Juan Carlos Andrade, gerente general de Enfarma, a\u00f1adi\u00f3 que a trav\u00e9s de la investigaci\u00f3n se buscar\u00e1 la producci\u00f3n de medicamentos gen\u00e9ricos para alcanzar tratamientos al alcance de todos los ecuatorianos. (El Tel\u00e9grafo)<\/p>\n","protected":false},"excerpt":{"rendered":"<p>La Secretar\u00eda General de la Uni\u00f3n de Naciones Suramericanas (Unasur) y la Empresa P\u00fablica de F\u00e1rmacos (Enfarma) suscribieron hoy una<\/p>\n","protected":false},"author":1,"featured_media":0,"comment_status":"open","ping_status":"open","sticky":false,"template":"","format":"standard","meta":{"footnotes":""},"categories":[4],"tags":[],"_links":{"self":[{"href":"https:\/\/www.ecuadoraldia.com.ec\/index.php?rest_route=\/wp\/v2\/posts\/6462"}],"collection":[{"href":"https:\/\/www.ecuadoraldia.com.ec\/index.php?rest_route=\/wp\/v2\/posts"}],"about":[{"href":"https:\/\/www.ecuadoraldia.com.ec\/index.php?rest_route=\/wp\/v2\/types\/post"}],"author":[{"embeddable":true,"href":"https:\/\/www.ecuadoraldia.com.ec\/index.php?rest_route=\/wp\/v2\/users\/1"}],"replies":[{"embeddable":true,"href":"https:\/\/www.ecuadoraldia.com.ec\/index.php?rest_route=%2Fwp%2Fv2%2Fcomments&post=6462"}],"version-history":[{"count":1,"href":"https:\/\/www.ecuadoraldia.com.ec\/index.php?rest_route=\/wp\/v2\/posts\/6462\/revisions"}],"predecessor-version":[{"id":6464,"href":"https:\/\/www.ecuadoraldia.com.ec\/index.php?rest_route=\/wp\/v2\/posts\/6462\/revisions\/6464"}],"wp:attachment":[{"href":"https:\/\/www.ecuadoraldia.com.ec\/index.php?rest_route=%2Fwp%2Fv2%2Fmedia&parent=6462"}],"wp:term":[{"taxonomy":"category","embeddable":true,"href":"https:\/\/www.ecuadoraldia.com.ec\/index.php?rest_route=%2Fwp%2Fv2%2Fcategories&post=6462"},{"taxonomy":"post_tag","embeddable":true,"href":"https:\/\/www.ecuadoraldia.com.ec\/index.php?rest_route=%2Fwp%2Fv2%2Ftags&post=6462"}],"curies":[{"name":"wp","href":"https:\/\/api.w.org\/{rel}","templated":true}]}}