{"id":6465,"date":"2014-12-11T22:55:10","date_gmt":"2014-12-11T22:55:10","guid":{"rendered":"http:\/\/www.ecuadoraldia.com.ec\/?p=6465"},"modified":"2014-12-11T22:55:10","modified_gmt":"2014-12-11T22:55:10","slug":"edificio-de-la-conaie-servira-como-casa-de-acogida-para-jovenes-y-adolescentes","status":"publish","type":"post","link":"https:\/\/www.ecuadoraldia.com.ec\/?p=6465","title":{"rendered":"Edificio de la Conaie servir\u00e1 como casa de acogida para j\u00f3venes y adolescentes"},"content":{"rendered":"<p><a href=\"http:\/\/www.ecuadoraldia.com.ec\/wp-content\/uploads\/2014\/12\/conaie-edif.jpg\"><img loading=\"lazy\" decoding=\"async\" class=\"alignleft size-full wp-image-6466\" src=\"http:\/\/www.ecuadoraldia.com.ec\/wp-content\/uploads\/2014\/12\/conaie-edif.jpg\" alt=\"conaie edif\" width=\"262\" height=\"193\" \/><\/a>En ejercicio de atribuciones legales, el Ministerio de Inclusi\u00f3n Econ\u00f3mica y Social (MIES) dio por terminado el convenio de comodato que el Ministerio de Bienestar Social (ahora MIES) manten\u00eda con la Confederaci\u00f3n de Nacionalidades Ind\u00edgenas del Ecuador (Conaie), mediante el cual se entreg\u00f3 en comodato gratuito un inmueble ubicado en la avenida Granados y 6 de Diciembre, en Quito.<\/p>\n<p>En su resoluci\u00f3n, el MIES declara \u00abla necesidad imprevista y urgente de contar con inmuebles para que sean destinados al funcionamiento de casas de acogida para j\u00f3venes y adolescentes sin referente familiar que han superado la etapa de crisis por desintoxicaci\u00f3n, en el marco del cumplimiento del Plan de Prevenci\u00f3n Integral del Consumo de Drogas y de las prioridades del Gobierno Nacional en la prevenci\u00f3n del uso y consumo de drogas, as\u00ed como de los pactos y convenios internacional ratificados por el Ecuador\u00bb.<\/p>\n<p>Tambi\u00e9n otorga a la Conaie 15 d\u00edas laborables para la entrega del bien inmueble, que sirve a la organizaci\u00f3n como su sede en la capital. (El Tel\u00e9grafo)<\/p>\n","protected":false},"excerpt":{"rendered":"<p>En ejercicio de atribuciones legales, el Ministerio de Inclusi\u00f3n Econ\u00f3mica y Social (MIES) dio por terminado el convenio de comodato<\/p>\n","protected":false},"author":1,"featured_media":0,"comment_status":"open","ping_status":"open","sticky":false,"template":"","format":"standard","meta":{"footnotes":""},"categories":[1],"tags":[],"_links":{"self":[{"href":"https:\/\/www.ecuadoraldia.com.ec\/index.php?rest_route=\/wp\/v2\/posts\/6465"}],"collection":[{"href":"https:\/\/www.ecuadoraldia.com.ec\/index.php?rest_route=\/wp\/v2\/posts"}],"about":[{"href":"https:\/\/www.ecuadoraldia.com.ec\/index.php?rest_route=\/wp\/v2\/types\/post"}],"author":[{"embeddable":true,"href":"https:\/\/www.ecuadoraldia.com.ec\/index.php?rest_route=\/wp\/v2\/users\/1"}],"replies":[{"embeddable":true,"href":"https:\/\/www.ecuadoraldia.com.ec\/index.php?rest_route=%2Fwp%2Fv2%2Fcomments&post=6465"}],"version-history":[{"count":1,"href":"https:\/\/www.ecuadoraldia.com.ec\/index.php?rest_route=\/wp\/v2\/posts\/6465\/revisions"}],"predecessor-version":[{"id":6467,"href":"https:\/\/www.ecuadoraldia.com.ec\/index.php?rest_route=\/wp\/v2\/posts\/6465\/revisions\/6467"}],"wp:attachment":[{"href":"https:\/\/www.ecuadoraldia.com.ec\/index.php?rest_route=%2Fwp%2Fv2%2Fmedia&parent=6465"}],"wp:term":[{"taxonomy":"category","embeddable":true,"href":"https:\/\/www.ecuadoraldia.com.ec\/index.php?rest_route=%2Fwp%2Fv2%2Fcategories&post=6465"},{"taxonomy":"post_tag","embeddable":true,"href":"https:\/\/www.ecuadoraldia.com.ec\/index.php?rest_route=%2Fwp%2Fv2%2Ftags&post=6465"}],"curies":[{"name":"wp","href":"https:\/\/api.w.org\/{rel}","templated":true}]}}