{"id":6471,"date":"2014-12-11T23:02:46","date_gmt":"2014-12-11T23:02:46","guid":{"rendered":"http:\/\/www.ecuadoraldia.com.ec\/?p=6471"},"modified":"2014-12-11T23:02:46","modified_gmt":"2014-12-11T23:02:46","slug":"ecuador-pidio-intervenir-como-parte-interesada-en-el-caso-que-chevron-inicio-contra-mcsquared","status":"publish","type":"post","link":"https:\/\/www.ecuadoraldia.com.ec\/?p=6471","title":{"rendered":"Ecuador pidi\u00f3 intervenir como parte interesada en el caso que Chevron inici\u00f3 contra McSquared"},"content":{"rendered":"<figure id=\"attachment_6472\" aria-describedby=\"caption-attachment-6472\" style=\"width: 300px\" class=\"wp-caption alignleft\"><a href=\"http:\/\/www.ecuadoraldia.com.ec\/wp-content\/uploads\/2014\/12\/Chevron-III.jpg\"><img loading=\"lazy\" decoding=\"async\" class=\"size-medium wp-image-6472\" src=\"http:\/\/www.ecuadoraldia.com.ec\/wp-content\/uploads\/2014\/12\/Chevron-III-300x199.jpg\" alt=\"foto internet\" width=\"300\" height=\"199\" srcset=\"https:\/\/www.ecuadoraldia.com.ec\/wp-content\/uploads\/2014\/12\/Chevron-III-300x199.jpg 300w, https:\/\/www.ecuadoraldia.com.ec\/wp-content\/uploads\/2014\/12\/Chevron-III.jpg 644w\" sizes=\"(max-width: 300px) 100vw, 300px\" \/><\/a><figcaption id=\"caption-attachment-6472\" class=\"wp-caption-text\">foto internet<\/figcaption><\/figure>\n<p>El pasado 4 de diciembre de 2014, el Ecuador present\u00f3 ante la Corte del Distrito Sur de Nueva York, una petici\u00f3n para intervenir, como parte interesada, en la acci\u00f3n para obtener documentaci\u00f3n, conocida como &#8216;Acci\u00f3n 1782&#8217;, que Chevron Corporation inici\u00f3 contra la compa\u00f1\u00eda MCSquared PR Inc.<\/p>\n<p>Seg\u00fan la Procuradur\u00eda General del Estado, la intervenci\u00f3n del Ecuador est\u00e1 dirigida a proteger sus derechos soberanos y privilegios sobre aquella informaci\u00f3n sobre la cual Chevron intenta tener acceso.<\/p>\n<p>Diego Garc\u00eda, procurador general del Estado, aclar\u00f3 que la naturaleza de la &#8216;Acci\u00f3n 1782&#8217; \u00abson, de acuerdo a la legislaci\u00f3n de los Estados Unidos, una forma para obtener informaci\u00f3n necesaria para los litigios que se efect\u00faen fuera de dicho pa\u00eds. Adem\u00e1s acot\u00f3 que \u201cla acci\u00f3n presentada por Chevron Corporation no deja de ser parte de la estrategia de la compa\u00f1\u00eda por tratar empa\u00f1ar el nombre del Estado con el fin de escapar de su responsabilidad del da\u00f1o ambiental causado\u201d, seg\u00fan inform\u00f3 la Procuradur\u00eda, mediante un bolet\u00edn de prensa (El Tel\u00e9grafo)<\/p>\n","protected":false},"excerpt":{"rendered":"<p>El pasado 4 de diciembre de 2014, el Ecuador present\u00f3 ante la Corte del Distrito Sur de Nueva York, una<\/p>\n","protected":false},"author":1,"featured_media":0,"comment_status":"open","ping_status":"open","sticky":false,"template":"","format":"standard","meta":{"footnotes":""},"categories":[1],"tags":[],"_links":{"self":[{"href":"https:\/\/www.ecuadoraldia.com.ec\/index.php?rest_route=\/wp\/v2\/posts\/6471"}],"collection":[{"href":"https:\/\/www.ecuadoraldia.com.ec\/index.php?rest_route=\/wp\/v2\/posts"}],"about":[{"href":"https:\/\/www.ecuadoraldia.com.ec\/index.php?rest_route=\/wp\/v2\/types\/post"}],"author":[{"embeddable":true,"href":"https:\/\/www.ecuadoraldia.com.ec\/index.php?rest_route=\/wp\/v2\/users\/1"}],"replies":[{"embeddable":true,"href":"https:\/\/www.ecuadoraldia.com.ec\/index.php?rest_route=%2Fwp%2Fv2%2Fcomments&post=6471"}],"version-history":[{"count":1,"href":"https:\/\/www.ecuadoraldia.com.ec\/index.php?rest_route=\/wp\/v2\/posts\/6471\/revisions"}],"predecessor-version":[{"id":6473,"href":"https:\/\/www.ecuadoraldia.com.ec\/index.php?rest_route=\/wp\/v2\/posts\/6471\/revisions\/6473"}],"wp:attachment":[{"href":"https:\/\/www.ecuadoraldia.com.ec\/index.php?rest_route=%2Fwp%2Fv2%2Fmedia&parent=6471"}],"wp:term":[{"taxonomy":"category","embeddable":true,"href":"https:\/\/www.ecuadoraldia.com.ec\/index.php?rest_route=%2Fwp%2Fv2%2Fcategories&post=6471"},{"taxonomy":"post_tag","embeddable":true,"href":"https:\/\/www.ecuadoraldia.com.ec\/index.php?rest_route=%2Fwp%2Fv2%2Ftags&post=6471"}],"curies":[{"name":"wp","href":"https:\/\/api.w.org\/{rel}","templated":true}]}}