{"id":6474,"date":"2014-12-11T23:16:58","date_gmt":"2014-12-11T23:16:58","guid":{"rendered":"http:\/\/www.ecuadoraldia.com.ec\/?p=6474"},"modified":"2014-12-11T23:16:58","modified_gmt":"2014-12-11T23:16:58","slug":"jueza-ximena-vintimilla-renuncia-a-la-cnj","status":"publish","type":"post","link":"https:\/\/www.ecuadoraldia.com.ec\/?p=6474","title":{"rendered":"Jueza Ximena Vintimilla renuncia a la CNJ\u00a0"},"content":{"rendered":"<p style=\"text-align: justify;\"><a href=\"http:\/\/www.ecuadoraldia.com.ec\/wp-content\/uploads\/2014\/12\/jueza-vi.jpg\"><img loading=\"lazy\" decoding=\"async\" class=\"alignleft size-medium wp-image-6475\" src=\"http:\/\/www.ecuadoraldia.com.ec\/wp-content\/uploads\/2014\/12\/jueza-vi-300x157.jpg\" alt=\"jueza vi\" width=\"300\" height=\"157\" srcset=\"https:\/\/www.ecuadoraldia.com.ec\/wp-content\/uploads\/2014\/12\/jueza-vi-300x157.jpg 300w, https:\/\/www.ecuadoraldia.com.ec\/wp-content\/uploads\/2014\/12\/jueza-vi.jpg 450w\" sizes=\"(max-width: 300px) 100vw, 300px\" \/><\/a>\u00abLuego de que, por tres a\u00f1os he sido parte de la Corte Nacional de Justicia, en donde en mi calidad de jueza he vivido el contacto del ser humano con todas sus debilidades y con el ejercicio diario, no simplemente de la profesi\u00f3n, sino, con el cumplimiento de una vocaci\u00f3n de servicio, hoy he tomado la decisi\u00f3n de separarme de tan loable actividad, por motivos muy personales, razones que las he meditado a profundidad y que han provocado que deba presentar ante Usted mi renuncia con el car\u00e1cter de irrevocable a mi funci\u00f3n de jueza de la CNJ\u00bb, subraya el escrito.<\/p>\n<p style=\"text-align: justify;\">En una carta dirigida a los presidentes del Consejo de la Judicatura y Corte Nacional de Justicia, Gustavo Jalkh y Carlos Ram\u00edrez, respectivamente, Vintimilla agradece por la oportunidad otorgada, \u00abque me ha permitido servir al pa\u00eds desde mi posici\u00f3n de jueza nacional\u00bb.<\/p>\n<p style=\"text-align: justify;\">\u00abDurante mi gesti\u00f3n se ha dado una respuesta judicial a temas \u00e1lgidos que han consternado a la sociedad ecuatoriana como fue el feriado bancario, se ha actuado con firmeza en aquellos casos en los cuales han estado procesado ciudadanos con fuero de Corte Nacional, se ha aplicado estrictamente la ley contra criminales que con sus actos han conmovido a la opini\u00f3n p\u00fablica, sin distinci\u00f3n de su condici\u00f3n econ\u00f3mica o social, y por ello se ha recibido el reconocimiento de la ciudadan\u00eda\u00bb, recalca.<\/p>\n<p style=\"text-align: justify;\">\u00abEspero que el desempe\u00f1o de mi actividad haya sido un peque\u00f1o aporte al cambio positivo que est\u00e1 teniendo la justicia ecuatoriana\u00bb, indica la misiva.<\/p>\n","protected":false},"excerpt":{"rendered":"<p>\u00abLuego de que, por tres a\u00f1os he sido parte de la Corte Nacional de Justicia, en donde en mi calidad<\/p>\n","protected":false},"author":1,"featured_media":0,"comment_status":"open","ping_status":"open","sticky":false,"template":"","format":"standard","meta":{"footnotes":""},"categories":[5],"tags":[],"_links":{"self":[{"href":"https:\/\/www.ecuadoraldia.com.ec\/index.php?rest_route=\/wp\/v2\/posts\/6474"}],"collection":[{"href":"https:\/\/www.ecuadoraldia.com.ec\/index.php?rest_route=\/wp\/v2\/posts"}],"about":[{"href":"https:\/\/www.ecuadoraldia.com.ec\/index.php?rest_route=\/wp\/v2\/types\/post"}],"author":[{"embeddable":true,"href":"https:\/\/www.ecuadoraldia.com.ec\/index.php?rest_route=\/wp\/v2\/users\/1"}],"replies":[{"embeddable":true,"href":"https:\/\/www.ecuadoraldia.com.ec\/index.php?rest_route=%2Fwp%2Fv2%2Fcomments&post=6474"}],"version-history":[{"count":1,"href":"https:\/\/www.ecuadoraldia.com.ec\/index.php?rest_route=\/wp\/v2\/posts\/6474\/revisions"}],"predecessor-version":[{"id":6476,"href":"https:\/\/www.ecuadoraldia.com.ec\/index.php?rest_route=\/wp\/v2\/posts\/6474\/revisions\/6476"}],"wp:attachment":[{"href":"https:\/\/www.ecuadoraldia.com.ec\/index.php?rest_route=%2Fwp%2Fv2%2Fmedia&parent=6474"}],"wp:term":[{"taxonomy":"category","embeddable":true,"href":"https:\/\/www.ecuadoraldia.com.ec\/index.php?rest_route=%2Fwp%2Fv2%2Fcategories&post=6474"},{"taxonomy":"post_tag","embeddable":true,"href":"https:\/\/www.ecuadoraldia.com.ec\/index.php?rest_route=%2Fwp%2Fv2%2Ftags&post=6474"}],"curies":[{"name":"wp","href":"https:\/\/api.w.org\/{rel}","templated":true}]}}