{"id":6477,"date":"2014-12-11T23:23:54","date_gmt":"2014-12-11T23:23:54","guid":{"rendered":"http:\/\/www.ecuadoraldia.com.ec\/?p=6477"},"modified":"2014-12-11T23:23:54","modified_gmt":"2014-12-11T23:23:54","slug":"ee-uu-advierten-que-drones-representan-peligro-para-aviones-mientras-no-exista-regulacion","status":"publish","type":"post","link":"https:\/\/www.ecuadoraldia.com.ec\/?p=6477","title":{"rendered":"EE. UU.: advierten que drones representan peligro para aviones mientras no exista regulaci\u00f3n"},"content":{"rendered":"<p style=\"text-align: justify;\"><a href=\"http:\/\/www.ecuadoraldia.com.ec\/wp-content\/uploads\/2014\/12\/avion.jpg\"><img loading=\"lazy\" decoding=\"async\" class=\"alignleft size-medium wp-image-6478\" src=\"http:\/\/www.ecuadoraldia.com.ec\/wp-content\/uploads\/2014\/12\/avion-300x197.jpg\" alt=\"avion\" width=\"300\" height=\"197\" srcset=\"https:\/\/www.ecuadoraldia.com.ec\/wp-content\/uploads\/2014\/12\/avion-300x197.jpg 300w, https:\/\/www.ecuadoraldia.com.ec\/wp-content\/uploads\/2014\/12\/avion.jpg 400w\" sizes=\"(max-width: 300px) 100vw, 300px\" \/><\/a>Los peque\u00f1os drones presentan un peligro para los aviones mientras no se ponga en marcha una regulaci\u00f3n precisa en Estados Unidos, advirti\u00f3 el l\u00edder del sindicato m\u00e1s importante de pilotos del mundo.<\/p>\n<p style=\"text-align: justify;\">Lee Moak, presidente de la Air Line Pilots Association (Alpa), realiz\u00f3 dicha advertencia este mi\u00e9rcoles durante una comparecencia en la C\u00e1mara de Representantes consagrada a estas aeronaves sin piloto y mientras sosten\u00eda una de ellas en sus manos.<\/p>\n<p style=\"text-align: justify;\">\u00abReconocemos los beneficios potenciales (de la tecnolog\u00eda de drones) para la competitividad econ\u00f3mica de nuestro pa\u00eds\u00bb, afirm\u00f3 Moak ante la comisi\u00f3n de Transportes de la C\u00e1mara.<\/p>\n<p style=\"text-align: justify;\">\u00abPero tambi\u00e9n reconocemos el potencial de riesgos para la seguridad si no tratamos (los drones) para lo que son: aviones en el espacio a\u00e9reo\u00bb, a\u00f1adi\u00f3.<\/p>\n<p style=\"text-align: justify;\">La Agencia Federal de la Aviaci\u00f3n (FAA) prometi\u00f3 reglamentar los vuelos de drones de menos de 25 kilogramos que se desplacen a baja altitud, lo que comprende los drones que pertenecen a particulares.<\/p>\n<p style=\"text-align: justify;\">Pero un responsable de la seguridad de la FAA, Matthew Hampton, reconoci\u00f3 que la fecha de publicaci\u00f3n de estas reglas era \u00abincierta\u00bb.<\/p>\n<p style=\"text-align: justify;\">Entre el 1 de junio y el final de noviembre, 25 encuentros \u00abpr\u00f3ximos\u00bb a la colisi\u00f3n entre un dron y un avi\u00f3n fueron notificados a la FAA, inform\u00f3 a finales de noviembre The Washington Post.<\/p>\n<p style=\"text-align: justify;\">La FAA proh\u00edbe la utilizaci\u00f3n de drones a t\u00edtulo privado, salvo excepciones, y pide que vuelen a menos de 122 metros de altitud, lejos de los aeropuertos.<\/p>\n<p style=\"text-align: justify;\">El mi\u00e9rcoles, el organismo eximi\u00f3 de esta prohibici\u00f3n a cuatro empresas especializadas en vigilancia a\u00e9rea o control de construcciones tras haber hecho lo mismo con siete profesionales audiovisuales, abriendo as\u00ed la veda al uso de drones en los sectores del cine y la televisi\u00f3n. AFP<\/p>\n<p>&nbsp;<\/p>\n","protected":false},"excerpt":{"rendered":"<p>Los peque\u00f1os drones presentan un peligro para los aviones mientras no se ponga en marcha una regulaci\u00f3n precisa en Estados<\/p>\n","protected":false},"author":1,"featured_media":0,"comment_status":"open","ping_status":"open","sticky":false,"template":"","format":"standard","meta":{"footnotes":""},"categories":[7],"tags":[],"_links":{"self":[{"href":"https:\/\/www.ecuadoraldia.com.ec\/index.php?rest_route=\/wp\/v2\/posts\/6477"}],"collection":[{"href":"https:\/\/www.ecuadoraldia.com.ec\/index.php?rest_route=\/wp\/v2\/posts"}],"about":[{"href":"https:\/\/www.ecuadoraldia.com.ec\/index.php?rest_route=\/wp\/v2\/types\/post"}],"author":[{"embeddable":true,"href":"https:\/\/www.ecuadoraldia.com.ec\/index.php?rest_route=\/wp\/v2\/users\/1"}],"replies":[{"embeddable":true,"href":"https:\/\/www.ecuadoraldia.com.ec\/index.php?rest_route=%2Fwp%2Fv2%2Fcomments&post=6477"}],"version-history":[{"count":1,"href":"https:\/\/www.ecuadoraldia.com.ec\/index.php?rest_route=\/wp\/v2\/posts\/6477\/revisions"}],"predecessor-version":[{"id":6479,"href":"https:\/\/www.ecuadoraldia.com.ec\/index.php?rest_route=\/wp\/v2\/posts\/6477\/revisions\/6479"}],"wp:attachment":[{"href":"https:\/\/www.ecuadoraldia.com.ec\/index.php?rest_route=%2Fwp%2Fv2%2Fmedia&parent=6477"}],"wp:term":[{"taxonomy":"category","embeddable":true,"href":"https:\/\/www.ecuadoraldia.com.ec\/index.php?rest_route=%2Fwp%2Fv2%2Fcategories&post=6477"},{"taxonomy":"post_tag","embeddable":true,"href":"https:\/\/www.ecuadoraldia.com.ec\/index.php?rest_route=%2Fwp%2Fv2%2Ftags&post=6477"}],"curies":[{"name":"wp","href":"https:\/\/api.w.org\/{rel}","templated":true}]}}