{"id":6494,"date":"2014-12-15T12:17:34","date_gmt":"2014-12-15T12:17:34","guid":{"rendered":"http:\/\/www.ecuadoraldia.com.ec\/?p=6494"},"modified":"2014-12-15T12:17:34","modified_gmt":"2014-12-15T12:17:34","slug":"la-cop-20-concluyo-con-el-compromiso-de-195-paises-de-reducir-la-emision-de-gases","status":"publish","type":"post","link":"https:\/\/www.ecuadoraldia.com.ec\/?p=6494","title":{"rendered":"La COP-20 concluy\u00f3 con el compromiso de 195 pa\u00edses de reducir la emisi\u00f3n de gases"},"content":{"rendered":"<p><a href=\"http:\/\/www.ecuadoraldia.com.ec\/wp-content\/uploads\/2014\/12\/cumbre-lima.jpg\"><img loading=\"lazy\" decoding=\"async\" class=\"alignleft size-medium wp-image-6495\" src=\"http:\/\/www.ecuadoraldia.com.ec\/wp-content\/uploads\/2014\/12\/cumbre-lima-300x148.jpg\" alt=\"cumbre lima\" width=\"300\" height=\"148\" srcset=\"https:\/\/www.ecuadoraldia.com.ec\/wp-content\/uploads\/2014\/12\/cumbre-lima-300x148.jpg 300w, https:\/\/www.ecuadoraldia.com.ec\/wp-content\/uploads\/2014\/12\/cumbre-lima.jpg 380w\" sizes=\"(max-width: 300px) 100vw, 300px\" \/><\/a>AFP. En Per\u00fa, la Conferencia de la Organizaci\u00f3n de las Naciones Unidas (ONU) aprob\u00f3 un formato de reducci\u00f3n de emisiones de gases de efecto invernadero que deben asumir los pa\u00edses para sellar en Par\u00eds 2015 un acuerdo contra el calentamiento global.<\/p>\n<p style=\"text-align: justify;\">El \u2018Llamado de Lima para la Acci\u00f3n Clim\u00e1tica\u2019, como se denomin\u00f3 al documento, deber\u00e1 ser trabajado en los distintos espacios de negociaci\u00f3n. \u201cDamos por aprobado el documento\u201d, dijo el ministro de Ambiente peruano y presidente de la Conferencia de Estados Parte (COP) 20, Manuel Pulgar Vidal, tras someter la propuesta a consulta del pleno de los 195 pa\u00edses miembros y no recibir objeciones. Se trat\u00f3 de una jornada marat\u00f3nica que concluy\u00f3 la madrugada de ayer. \u201cCon sacrificio conseguimos nuestro objetivo\u201d, dijo funcionario. La gesti\u00f3n para conseguir el acuerdo inici\u00f3 la madrugada del s\u00e1bado con la entrega de la primera propuesta.<\/p>\n<p style=\"text-align: justify;\">El texto final reconoce una responsabilidad com\u00fan y diferenciada de los pa\u00edses frente al calentamiento global y establece mecanismos para hacer frente a p\u00e9rdidas y da\u00f1os, por fen\u00f3menos clim\u00e1ticos extremos, que sufren especialmente pa\u00edses pobres e islas del mundo que est\u00e1n bajo amenaza. La COP es un espacio que fue instaurado por Naciones Unidas desde 1994 y en el que todos los miembros tienen responsabilidades comunes, aunque diferenciadas en favor del medio ambiente.<\/p>\n<p style=\"text-align: justify;\">Posiciones encontradas<\/p>\n<p style=\"text-align: justify;\">Hasta \u00faltimo momento se mantuvieron las fuertes diferencias entre naciones del Norte y el Sur. Los pa\u00edses ricos consideraban que los futuros compromisos nacionales deben centrarse en la reducci\u00f3n de las emisiones de gases de efecto invernadero, con una evaluaci\u00f3n futura que se base en informaciones precisas y transparentes de los pasos dados en cada naci\u00f3n.<\/p>\n<p style=\"text-align: justify;\">Pero numerosos pa\u00edses del Sur, sobre todo de \u00c1frica, Am\u00e9rica Latina y peque\u00f1os estados insulares no estaban dispuestos a asumir la reducci\u00f3n de emisiones si no existen garant\u00edas financieras de los pa\u00edses ricos que les permitan adaptarse, con nuevas tecnolog\u00edas limpias, al calentamiento global y a su creciente impacto. \u201cLos pa\u00edses desarrollados solo nos piden reducci\u00f3n de los gases de efecto invernadero -como contribuci\u00f3n-, pero eso es imposible para nosotros sin inversiones en energ\u00edas limpias\u201d, dijo Seyni Nafou, vocero del grupo \u00c1frica.<\/p>\n<p style=\"text-align: justify;\">Por su lado, China e India, primer y cuarto emisores mundiales por sus industrias de carb\u00f3n altamente contaminantes, se oponen a un sistema de evaluaci\u00f3n que los constri\u00f1a, y presionan a los pa\u00edses desarrollados para que contribuyan financieramente a la medida de su responsabilidad como los mayores generadores del calentamiento.<\/p>\n<p style=\"text-align: justify;\">Los compromisos<\/p>\n<p style=\"text-align: justify;\">El presidente de la COP-20 detall\u00f3 que \u201cla decisi\u00f3n de Lima es s\u00f3lida, no solo porque cumpli\u00f3 con los mandatos que le estableci\u00f3 la COP-19 de Varsovia, sino porque a su vez aprob\u00f3 el borrador que contiene los elementos para la negociaci\u00f3n, cosa que nunca antes hab\u00eda ocurrido\u201d.<\/p>\n<p style=\"text-align: justify;\">Otro de los logros fue el fortalecimiento de la adaptaci\u00f3n en las contribuciones nacionales, que son los programas que los pa\u00edses deben presentar el pr\u00f3ximo a\u00f1o, y tambi\u00e9n los mecanismos de financiamiento, tanto en el documento aprobado como en otras decisiones\u201d, explic\u00f3 el funcionario peruano.<\/p>\n<p style=\"text-align: justify;\">El Fondo Verde, por ejemplo, cuya meta antes de la COP-20 era alcanzar los $ 10 mil millones, alcanz\u00f3 los $ 10.200 millones durante la COP-20. Otro cambio favorable se dio en cuanto al mecanismo \u2018P\u00e9rdidas y Da\u00f1os\u2019 o \u2018Loss and Damage\u2019, creado en 2013 para situaciones en las que los impactos del cambio clim\u00e1tico son tan grandes que exceden las capacidades de las poblaciones de enfrentarlos. Se logr\u00f3 aprobar tanto el plan de trabajo inicial de 2 a\u00f1os, como la composici\u00f3n del Comit\u00e9 Ejecutivo. (Tel\u00e9grafo)<\/p>\n","protected":false},"excerpt":{"rendered":"<p>AFP. En Per\u00fa, la Conferencia de la Organizaci\u00f3n de las Naciones Unidas (ONU) aprob\u00f3 un formato de reducci\u00f3n de emisiones<\/p>\n","protected":false},"author":1,"featured_media":0,"comment_status":"open","ping_status":"open","sticky":false,"template":"","format":"standard","meta":{"footnotes":""},"categories":[7],"tags":[],"_links":{"self":[{"href":"https:\/\/www.ecuadoraldia.com.ec\/index.php?rest_route=\/wp\/v2\/posts\/6494"}],"collection":[{"href":"https:\/\/www.ecuadoraldia.com.ec\/index.php?rest_route=\/wp\/v2\/posts"}],"about":[{"href":"https:\/\/www.ecuadoraldia.com.ec\/index.php?rest_route=\/wp\/v2\/types\/post"}],"author":[{"embeddable":true,"href":"https:\/\/www.ecuadoraldia.com.ec\/index.php?rest_route=\/wp\/v2\/users\/1"}],"replies":[{"embeddable":true,"href":"https:\/\/www.ecuadoraldia.com.ec\/index.php?rest_route=%2Fwp%2Fv2%2Fcomments&post=6494"}],"version-history":[{"count":1,"href":"https:\/\/www.ecuadoraldia.com.ec\/index.php?rest_route=\/wp\/v2\/posts\/6494\/revisions"}],"predecessor-version":[{"id":6496,"href":"https:\/\/www.ecuadoraldia.com.ec\/index.php?rest_route=\/wp\/v2\/posts\/6494\/revisions\/6496"}],"wp:attachment":[{"href":"https:\/\/www.ecuadoraldia.com.ec\/index.php?rest_route=%2Fwp%2Fv2%2Fmedia&parent=6494"}],"wp:term":[{"taxonomy":"category","embeddable":true,"href":"https:\/\/www.ecuadoraldia.com.ec\/index.php?rest_route=%2Fwp%2Fv2%2Fcategories&post=6494"},{"taxonomy":"post_tag","embeddable":true,"href":"https:\/\/www.ecuadoraldia.com.ec\/index.php?rest_route=%2Fwp%2Fv2%2Ftags&post=6494"}],"curies":[{"name":"wp","href":"https:\/\/api.w.org\/{rel}","templated":true}]}}