{"id":6497,"date":"2014-12-15T12:23:09","date_gmt":"2014-12-15T12:23:09","guid":{"rendered":"http:\/\/www.ecuadoraldia.com.ec\/?p=6497"},"modified":"2014-12-15T12:23:09","modified_gmt":"2014-12-15T12:23:09","slug":"la-final-serae-entre-barcelona-y-emelec-en-guayaquil","status":"publish","type":"post","link":"https:\/\/www.ecuadoraldia.com.ec\/?p=6497","title":{"rendered":"La final ser\u00e1e entre barcelona y Emelec en Guayaquil"},"content":{"rendered":"<p style=\"text-align: justify;\"><a href=\"http:\/\/www.ecuadoraldia.com.ec\/wp-content\/uploads\/2014\/12\/barcelona.jpg\"><img loading=\"lazy\" decoding=\"async\" class=\"alignleft size-medium wp-image-6498\" src=\"http:\/\/www.ecuadoraldia.com.ec\/wp-content\/uploads\/2014\/12\/barcelona-300x199.jpg\" alt=\"DEP BARCELONA GANA A CATOLKICA UNO A CER Y ES FINALISTA DEL CAMPEONAT\" width=\"300\" height=\"199\" srcset=\"https:\/\/www.ecuadoraldia.com.ec\/wp-content\/uploads\/2014\/12\/barcelona-300x199.jpg 300w, https:\/\/www.ecuadoraldia.com.ec\/wp-content\/uploads\/2014\/12\/barcelona.jpg 800w\" sizes=\"(max-width: 300px) 100vw, 300px\" \/><\/a>El pitazo final del \u00e1rbitro Carlos Vera origin\u00f3 la alegr\u00eda de los 37 mil hinchas de Barcelona que colmaron el estadio Ol\u00edmpico Atahualpa ayer, con el triunfo 1-0 ante Universidad Cat\u00f3lica, en Quito.<\/p>\n<p style=\"text-align: justify;\">\u201cVas a ser por siempre mi pasi\u00f3n, Barcelona te llevo en el coraz\u00f3n, gritar\u00e9 con locura, soy de la Sur Oscura&#8230;\u201d, alentaban a todo pulm\u00f3n los aficionados \u2018toreros\u2019, quienes ya se imaginaban la final in\u00e9dita del campeonato nacional contra su cl\u00e1sico rival, Emelec.<\/p>\n<p style=\"text-align: justify;\">De pie y con los brazos levantados, la afici\u00f3n continu\u00f3 con los c\u00e1nticos, mientras en la cancha los jugadores \u2018amarillos\u2019 se abrazaban y fueron a festejar el t\u00edtulo de la segunda etapa con la gente que se ubic\u00f3 en la preferencia del escenario deportivo capitalino.<\/p>\n<p style=\"text-align: justify;\">Los cantos tras el encuentro estuvieron acompa\u00f1ados de alivio y algarab\u00eda; pero en el segundo tiempo, ese mismo aliento baj\u00f3 desde los grader\u00edos con nerviosismo y desesperaci\u00f3n, pues el conjunto del t\u00e9cnico Rub\u00e9n Israel defend\u00eda con 11 futbolistas en su propia cancha, no pod\u00eda elaborar m\u00e1s de 3 pases consecutivos y perd\u00eda la pelota con los futbolistas \u2018celestes\u2019.<\/p>\n<p style=\"text-align: justify;\">El tempranero gol del defensor Pedro Pablo Velasco relaj\u00f3 a los jugadores del \u2018\u00cddolo\u2019, quienes regalaron toda la cancha al equipo local. Esa pasividad molest\u00f3 a la hinchada, que con cada p\u00e9rdida de bal\u00f3n pifiaba a los futbolistas. En las gradas, todos se agarraban la cara y la cabeza con cada pelota que llegaba al \u00e1rea de Barcelona, porque un gol de la \u2018chatole\u00ed\u2019 dejaba sin final al cuadro guayaquile\u00f1o, pues Independiente del Valle superaba c\u00f3modamente al Manta FC.<\/p>\n<p style=\"text-align: justify;\">\u201cVolveremos, volveremos, volveremos otra vez, volveremos a ser campeones&#8230;\u201d, fue otra de las canciones que retumb\u00f3 alrededor del estadio Atahualpa en los minutos finales del cotejo que dej\u00f3 sin u\u00f1as en las manos a m\u00e1s de uno, pues la felicidad por llegar a la final se hubiera desvanecido en cualquier momento si hubiese ca\u00eddo un gol del cuadro quite\u00f1o dirigido por el t\u00e9cnico argentino Jorge C\u00e9lico.<\/p>\n<p style=\"text-align: justify;\">\u201cSur Oscura Manab\u00ed siempre alentando\u201d, era la leyenda escrita en una gran bandera de franjas amarillas y negras que se despleg\u00f3 minutos antes en la preferencia del Ol\u00edmpico Atahualpa. Al verla, los presentes en el estadio corearon al un\u00edsono: \u201c\u00cddolo, como te explico, cu\u00e1nto te amo yo\u201d, la tradicional barra de Barcelona cuando gana.<\/p>\n<p style=\"text-align: justify;\">Una vez finalizado el encuentro, el primer lugar de la segunda etapa pas\u00f3 a un plano secundario y la mentalidad de los barcelonistas r\u00e1pidamente cambi\u00f3 de objetivo: derrotar al \u2018Bombillo\u2019 en la final y conseguir su 15\u00aa estrella, tras el t\u00edtulo alcanzado en 2012.<\/p>\n<p style=\"text-align: justify;\">La expectativa por 2 nuevos cl\u00e1sicos del Astillero fue evidente. \u201cNo puede haber una mejor final de campeonato, ser\u00e1n partidos a muerte, pero estoy seguro que Barcelona va a ser el nuevo campe\u00f3n\u201d, dijo exaltado el quite\u00f1o Ramiro Figueroa, quien faltar\u00e1 a su trabajo y viajar\u00e1 a Guayaquil para presenciar en vivo los encuentros en el Monumental y en el Capwell que se disputar\u00e1n el mi\u00e9rcoles y el domingo, en ese orden.<\/p>\n<p style=\"text-align: justify;\">Con el triunfo, Barcelona lleg\u00f3 a 48 puntos en la segunda etapa, gracias a 15 victorias y 3 empates. Asegur\u00f3 jugar Copa Libertadores en 2015. Mientras que Universidad Cat\u00f3lica finaliz\u00f3 sexto en la acumulada y clasific\u00f3 a Copa Sudamericana. (El Tel\u00e9grafo)<\/p>\n","protected":false},"excerpt":{"rendered":"<p>El pitazo final del \u00e1rbitro Carlos Vera origin\u00f3 la alegr\u00eda de los 37 mil hinchas de Barcelona que colmaron el<\/p>\n","protected":false},"author":1,"featured_media":0,"comment_status":"open","ping_status":"open","sticky":false,"template":"","format":"standard","meta":{"footnotes":""},"categories":[10],"tags":[],"_links":{"self":[{"href":"https:\/\/www.ecuadoraldia.com.ec\/index.php?rest_route=\/wp\/v2\/posts\/6497"}],"collection":[{"href":"https:\/\/www.ecuadoraldia.com.ec\/index.php?rest_route=\/wp\/v2\/posts"}],"about":[{"href":"https:\/\/www.ecuadoraldia.com.ec\/index.php?rest_route=\/wp\/v2\/types\/post"}],"author":[{"embeddable":true,"href":"https:\/\/www.ecuadoraldia.com.ec\/index.php?rest_route=\/wp\/v2\/users\/1"}],"replies":[{"embeddable":true,"href":"https:\/\/www.ecuadoraldia.com.ec\/index.php?rest_route=%2Fwp%2Fv2%2Fcomments&post=6497"}],"version-history":[{"count":1,"href":"https:\/\/www.ecuadoraldia.com.ec\/index.php?rest_route=\/wp\/v2\/posts\/6497\/revisions"}],"predecessor-version":[{"id":6499,"href":"https:\/\/www.ecuadoraldia.com.ec\/index.php?rest_route=\/wp\/v2\/posts\/6497\/revisions\/6499"}],"wp:attachment":[{"href":"https:\/\/www.ecuadoraldia.com.ec\/index.php?rest_route=%2Fwp%2Fv2%2Fmedia&parent=6497"}],"wp:term":[{"taxonomy":"category","embeddable":true,"href":"https:\/\/www.ecuadoraldia.com.ec\/index.php?rest_route=%2Fwp%2Fv2%2Fcategories&post=6497"},{"taxonomy":"post_tag","embeddable":true,"href":"https:\/\/www.ecuadoraldia.com.ec\/index.php?rest_route=%2Fwp%2Fv2%2Ftags&post=6497"}],"curies":[{"name":"wp","href":"https:\/\/api.w.org\/{rel}","templated":true}]}}