{"id":6503,"date":"2014-12-15T12:43:03","date_gmt":"2014-12-15T12:43:03","guid":{"rendered":"http:\/\/www.ecuadoraldia.com.ec\/?p=6503"},"modified":"2014-12-15T12:56:32","modified_gmt":"2014-12-15T12:56:32","slug":"13-muertos-y-12-heridos-en-pozo-de-presion-de-coca-codo-sinclair","status":"publish","type":"post","link":"https:\/\/www.ecuadoraldia.com.ec\/?p=6503","title":{"rendered":"13 muertos y 12 heridos en pozo de presi\u00f3n de Coca Codo Sinclair"},"content":{"rendered":"<p style=\"text-align: justify;\"><a href=\"http:\/\/www.ecuadoraldia.com.ec\/wp-content\/uploads\/2014\/12\/tunel-coca.jpg\"><img loading=\"lazy\" decoding=\"async\" class=\"alignleft size-medium wp-image-6504\" src=\"http:\/\/www.ecuadoraldia.com.ec\/wp-content\/uploads\/2014\/12\/tunel-coca-225x300.jpg\" alt=\"tunel coca\" width=\"225\" height=\"300\" srcset=\"https:\/\/www.ecuadoraldia.com.ec\/wp-content\/uploads\/2014\/12\/tunel-coca-225x300.jpg 225w, https:\/\/www.ecuadoraldia.com.ec\/wp-content\/uploads\/2014\/12\/tunel-coca.jpg 248w\" sizes=\"(max-width: 225px) 100vw, 225px\" \/><\/a>La desesperaci\u00f3n era evidente en familiares de trabajadores de la empresa Coca Codo Sinclair, que construye la central hidroel\u00e9ctrica m\u00e1s grande del pa\u00eds. Afuera de la morgue de Nueva Loja y en redes sociales de medios de comunicaci\u00f3n locales quer\u00edan conocer si entre las v\u00edctimas de un derrumbe se hallaban sus parientes.<\/p>\n<p style=\"text-align: justify;\">La noche del pasado s\u00e1bado, a las 20:20, un derrumbe en el pozo de presi\u00f3n n\u00famero 1 de la casa de m\u00e1quinas de este proyecto (entre las provincias de Sucumb\u00edos y Napo) aplast\u00f3 a 25 personas, trece fallecieron y doce resultaron heridas.<\/p>\n<p style=\"text-align: justify;\">Los cuerpos de las v\u00edctimas, diez ecuatorianas y tres chinas, pa\u00eds que construye la central, fueron trasladados a la morgue de Nueva Loja. Los doce heridos fueron llevados a casas de salud de Lago Agrio y de la parroquia Lumbaqui, del cant\u00f3n Gonzalo Pizarro, Sucumb\u00edos.<\/p>\n<p style=\"text-align: justify;\">El gobernador de Sucumb\u00edos, Yoffre Poma, anunci\u00f3 que en Nueva Loja se conform\u00f3 una sala de asistencia para los familiares de las v\u00edctimas y que se constituy\u00f3 un equipo jur\u00eddico para otorgarles asesor\u00eda.<\/p>\n<p style=\"text-align: justify;\">Poma, adem\u00e1s, convoc\u00f3 a los funcionarios que integran el Comit\u00e9 de Operaciones de Emergencia (COE) de Sucumb\u00edos para considerar acciones frente a esta tragedia.<\/p>\n<p style=\"text-align: justify;\">Uno de los heridos que fue asilado en El Chaco, cant\u00f3n de Napo, narr\u00f3 a diario El Comercio que durante el suceso oy\u00f3 una fuerte explosi\u00f3n, se lanz\u00f3 al piso, luego sinti\u00f3 que un ventarr\u00f3n lo levant\u00f3, el agua lo cubri\u00f3 y arrastr\u00f3 hasta quedar en un sitio bajo varillas y objetos.<\/p>\n<p style=\"text-align: justify;\">Uno de los trabajadores de la hidroel\u00e9ctrica, de 27 a\u00f1os, lleg\u00f3 ayer a primeras horas de la ma\u00f1ana al \u00e1rea de emergencias del hospital Eugenio Espejo, de Quito. No fue posible hablar con sus familiares, pero uno de los m\u00e9dicos, Gabriela Arias, dijo que era un \u201cpaciente en situaci\u00f3n cr\u00edtica, grave\u201d, que presentaba un trauma poliencef\u00e1lico.<\/p>\n<p style=\"text-align: justify;\">Un comunicado del Ministerio de Electricidad y Energ\u00eda Renovable report\u00f3 ayer que se iniciaron las investigaciones para determinar las causas del accidente.<\/p>\n<p style=\"text-align: justify;\">El presidente Rafael Correa en su cuenta de Twitter envi\u00f3 condolencias a familiares y compa\u00f1eros de las v\u00edctimas.<\/p>\n<p style=\"text-align: justify;\">\u201cEs alg\u00fan problema que estamos teniendo en una de las tuber\u00edas de presi\u00f3n\u201d, manifest\u00f3 a la AFP Dennis Salgado, jefe t\u00e9cnico de Control del Proyecto.<\/p>\n<p style=\"text-align: justify;\">Indic\u00f3 que el accidente se produjo \u201cen la zona del pozo vertical de la tuber\u00eda de presi\u00f3n\u201d que da hacia la subterr\u00e1nea casa de m\u00e1quinas de la hidroel\u00e9ctrica.<\/p>\n<p style=\"text-align: justify;\">Salgado agreg\u00f3 que obreros desalojaban encofrados y escombros en el sitio del suceso.<\/p>\n<p style=\"text-align: justify;\">Ayer en la tarde un equipo de este Diario ingres\u00f3 al lugar del siniestro junto con los ministros de Electricidad, Esteban Albornoz, y Rafael Poveda, de Sectores Estrat\u00e9gicos.<\/p>\n<p style=\"text-align: justify;\">Coca Codo Sinclair es una obra emblem\u00e1tica, la m\u00e1s grande del pa\u00eds, que costar\u00e1 $ 2.245 millones, con el 75% de su construcci\u00f3n ejecutada, se prev\u00e9 que entre a operar en febrero del 2016 y generar\u00e1 unos 1.500 megavatios, el 36% de la energ\u00eda que en la actualidad consume Ecuador. Emplea a casi 7.200 personas (el 20% de nacionalidad china).<\/p>\n<p style=\"text-align: justify;\">En abril pasado, cuatro t\u00e9cnicos chinos murieron en una explosi\u00f3n en obras de Sopladora, otra hidroel\u00e9ctrica ubicada en Morona Santiago, construida por la china Gezhouba. (I)<\/p>\n<p style=\"text-align: justify;\">Las v\u00edctimas<\/p>\n<p>&#8211; Aguinda Andi Ram\u00f3n Jos\u00e9 (Nueva Loja, barrio Araz\u00e1),<br \/>\n&#8211; Alvarado Andi Walter (Cascales, recinto Los \u00c1ngeles),<br \/>\n&#8211; Guaiga Jaime,<br \/>\n&#8211; Shiguango Narv\u00e1ez Byron Benjam\u00edn (Tena),<br \/>\n&#8211; Ortega Rend\u00f3n Carlos Ariel,<br \/>\n&#8211; Hidalgo Morales Darwin Pedro,<br \/>\n&#8211; Soto Soto Segundo Guillermo.<\/p>\n<p>Heridos<br \/>\n&#8211; Kl\u00e9ver Efr\u00e9n Montoya Barzola,<br \/>\n&#8211; Segundo Marcelino V\u00e9lez Guam\u00e1n,<br \/>\n&#8211; Eduardo Alexander G\u00f3mez Silva,<br \/>\n&#8211; Jorge Luis Gima Gonz\u00e1lez,<br \/>\n&#8211; Andr\u00e9s Victoriano Cede\u00f1o Chila,<br \/>\n&#8211; V\u00edctor Hugo Riera Saltos,<br \/>\n&#8211; William Joselo Gaibor Quintanilla,<br \/>\n&#8211; Carlos Manuel Masapanta Masapanta,<br \/>\n&#8211; Luis Enrique Moya,<br \/>\n&#8211; Mauricio Danilo R\u00edos Anchundia,<br \/>\n&#8211; Rodrigo Caguay Caguay,<br \/>\n&#8211; Jos\u00e9 Miguel Vique Jara.<br \/>\n(El Universo)<\/p>\n","protected":false},"excerpt":{"rendered":"<p>La desesperaci\u00f3n era evidente en familiares de trabajadores de la empresa Coca Codo Sinclair, que construye la central hidroel\u00e9ctrica m\u00e1s<\/p>\n","protected":false},"author":1,"featured_media":0,"comment_status":"open","ping_status":"open","sticky":false,"template":"","format":"standard","meta":{"footnotes":""},"categories":[1],"tags":[],"_links":{"self":[{"href":"https:\/\/www.ecuadoraldia.com.ec\/index.php?rest_route=\/wp\/v2\/posts\/6503"}],"collection":[{"href":"https:\/\/www.ecuadoraldia.com.ec\/index.php?rest_route=\/wp\/v2\/posts"}],"about":[{"href":"https:\/\/www.ecuadoraldia.com.ec\/index.php?rest_route=\/wp\/v2\/types\/post"}],"author":[{"embeddable":true,"href":"https:\/\/www.ecuadoraldia.com.ec\/index.php?rest_route=\/wp\/v2\/users\/1"}],"replies":[{"embeddable":true,"href":"https:\/\/www.ecuadoraldia.com.ec\/index.php?rest_route=%2Fwp%2Fv2%2Fcomments&post=6503"}],"version-history":[{"count":1,"href":"https:\/\/www.ecuadoraldia.com.ec\/index.php?rest_route=\/wp\/v2\/posts\/6503\/revisions"}],"predecessor-version":[{"id":6505,"href":"https:\/\/www.ecuadoraldia.com.ec\/index.php?rest_route=\/wp\/v2\/posts\/6503\/revisions\/6505"}],"wp:attachment":[{"href":"https:\/\/www.ecuadoraldia.com.ec\/index.php?rest_route=%2Fwp%2Fv2%2Fmedia&parent=6503"}],"wp:term":[{"taxonomy":"category","embeddable":true,"href":"https:\/\/www.ecuadoraldia.com.ec\/index.php?rest_route=%2Fwp%2Fv2%2Fcategories&post=6503"},{"taxonomy":"post_tag","embeddable":true,"href":"https:\/\/www.ecuadoraldia.com.ec\/index.php?rest_route=%2Fwp%2Fv2%2Ftags&post=6503"}],"curies":[{"name":"wp","href":"https:\/\/api.w.org\/{rel}","templated":true}]}}