{"id":6506,"date":"2014-12-15T12:55:26","date_gmt":"2014-12-15T12:55:26","guid":{"rendered":"http:\/\/www.ecuadoraldia.com.ec\/?p=6506"},"modified":"2014-12-15T12:55:26","modified_gmt":"2014-12-15T12:55:26","slug":"correa-y-santos-encabezaran-iii-gabinete-binacional-este-lunes","status":"publish","type":"post","link":"https:\/\/www.ecuadoraldia.com.ec\/?p=6506","title":{"rendered":"Correa y Santos\u00a0\u00a0encabezar\u00e1n III Gabinete Binacional este lunes"},"content":{"rendered":"<p style=\"text-align: justify;\"><a href=\"http:\/\/www.ecuadoraldia.com.ec\/wp-content\/uploads\/2014\/12\/santos_correa.jpg\"><img loading=\"lazy\" decoding=\"async\" class=\"alignleft size-full wp-image-6507\" src=\"http:\/\/www.ecuadoraldia.com.ec\/wp-content\/uploads\/2014\/12\/santos_correa.jpg\" alt=\"santos_correa\" width=\"295\" height=\"195\" \/><\/a>Los presidentes Rafael Correa y Juan Manuel Santos han consolidado la relaci\u00f3n bilateral entre los gobiernos de Ecuador y Colombia. \/ Presidencia<\/p>\n<p style=\"text-align: justify;\">Yurien Portelles, enviada<\/p>\n<p style=\"text-align: justify;\">Esmeraldas, Ecuador, 15 dic (Andes) &#8211; Los presidentes de Ecuador, Rafael Correa, y de Colombia, Juan Manuel Santos, encabezar\u00e1n el III Gabinete Binacional que sesionar\u00e1 este lunes en el cant\u00f3n R\u00edo Verde, provincia ecuatoriana de Esmeraldas.<\/p>\n<p style=\"text-align: justify;\">A las 08:50 hora local est\u00e1 previsto el arribo del mandatario anfitri\u00f3n por el aeropuerto internacional \u00abCoronel Carlos Concha Torres\u00bb, por donde minutos despu\u00e9s dar\u00e1 el saludo de bienvenida a su par colombiano.<\/p>\n<p style=\"text-align: justify;\">Seg\u00fan la agenda oficial, ambos dignatarios se dirigir\u00e1n en bicicleta hasta una hoster\u00eda local luego de los cual llegar\u00e1n al Centro de Alto Rendimiento de Rio Verde. La jornada inaugural se realizar\u00e1 a las 11:50 hora local, en la que usar\u00e1n de la palabra Correa y Santos.<\/p>\n<p style=\"text-align: justify;\">Para las 15:20, Santos y Correa realizar\u00e1n una declaraci\u00f3n conjunta y posteriormente tendr\u00e1n un almuerzo. Santos tiene previsto dejar Ecuador sobre las 18:40.<\/p>\n<p style=\"text-align: justify;\">Este encuentro estuvo precedido por la reuni\u00f3n este domingo en Rio Verde a nivel de Vicecancilleres y por el encuentro de los respectivos Cancilleres en Colombia en noviembre pasado. La v\u00edspera, el vicecanciller ecuatoriano, Leonardo Ar\u00edzaga, y su hom\u00f3loga colombiana, Patti Londo\u00f1o, sostuvieron una intensa jornada de trabajo a puertas cerradas.<\/p>\n<p style=\"text-align: justify;\">Las respectivas delegaciones revisaron el avance de los compromisos alcanzados en el II Gabinete Binacional y los seis ejes acordados, como son infraestructura y conectividad, seguridad y defensa, asuntos econ\u00f3micos y comerciales, fronterizos, culturales y ambientales.<\/p>\n<p style=\"text-align: justify;\">En breves declaraciones, Ar\u00edzaga anunci\u00f3 que en este Gabinete se tratar\u00e1n temas de infraestructura, en particular los estudios y la construcci\u00f3n del nuevo eje que conectar\u00e1 a la provincia ecuatoriana de Esmeraldas con el Pac\u00edfico colombiano, que deber\u00e1 estar listo en unos dos a\u00f1os.<\/p>\n<p style=\"text-align: justify;\">\u00abEsto es muy importante en las relaciones bilaterales\u00bb, acot\u00f3 Ar\u00edzaga tras precisar que se trata de un paso fronterizo en la localidad lim\u00edtrofe de Mataje y la ampliaci\u00f3n del puente Rumichaca a tres carriles a un kil\u00f3metro del lado colombiano.<\/p>\n<p style=\"text-align: justify;\">En noviembre pasado, los cancilleres de Ecuador, Ricardo Pati\u00f1o, y de Colombia, Mar\u00eda \u00c1ngela Holgu\u00edn, analizaron los avances de la relaci\u00f3n binacional con los proyectos de desarrollo y cooperaci\u00f3n en distintas \u00e1reas para reunir informaci\u00f3n de cara a la cita de este lunes.<\/p>\n<p style=\"text-align: justify;\">Entre los asuntos que se han concretado est\u00e1n el funcionamiento del Centro Binacional en San Miguel, con lo cual ya cuentan con dos pasos binacionales que operan las 24 horas del d\u00eda.<\/p>\n<p style=\"text-align: justify;\">El otro es el Puente Rumichaca, que fue rehabilitado y ampliado. Adem\u00e1s se logr\u00f3 poner en marcha la interconexi\u00f3n el\u00e9ctrica entre Puerto Ospina-Puerto El Carmen, con beneficios directos para las poblaciones de las zonas lim\u00edtrofes en Nari\u00f1o (Colombia) y Santa Rosa de Sucumb\u00edos, en Ecuador.<\/p>\n<p style=\"text-align: justify;\">Un informe de prensa de la Canciller\u00eda ecuatoriana precis\u00f3 que ya comenz\u00f3 a implementarse el acuerdo de reconocimiento de t\u00edtulos profesionales para ciudadanos de ambos pa\u00edses y se entregaron 50 becas en Colombia y 20 para colombianos residentes en Ecuador.<\/p>\n<p style=\"text-align: justify;\">Tambi\u00e9n destaca la creaci\u00f3n del Comit\u00e9 Binacional de Medidas Fitosanitarias y la capacitaci\u00f3n a personal de m\u00e1s de 1.000 empresas para el fortalecimiento de la capacidad empresarial.<\/p>\n<p style=\"text-align: justify;\">Ecuador y Colombia, que comparten frontera en la Costa, Sierra y Amazon\u00eda, han avanzado sustancialmente en el mecanismo binacional y su plan piloto en la atenci\u00f3n de urgencias en la zona de frontera, as\u00ed como en el monitoreo de las cuencas hidrogr\u00e1ficas.<\/p>\n<p style=\"text-align: justify;\">Tambi\u00e9n se ha trabajado en la masificaci\u00f3n del internet en el l\u00edmite fronterizo con 243 kioskos de fibra digital en la frontera colombiana y 51 infocentros en Ecuador para beneficiar a casi un mill\u00f3n de ciudadanos en Carchi, Nari\u00f1o y Putumayo, as\u00ed como se ha realizado una reducci\u00f3n de las tarifas de roaming internacional.<\/p>\n","protected":false},"excerpt":{"rendered":"<p>Los presidentes Rafael Correa y Juan Manuel Santos han consolidado la relaci\u00f3n bilateral entre los gobiernos de Ecuador y Colombia.<\/p>\n","protected":false},"author":1,"featured_media":0,"comment_status":"open","ping_status":"open","sticky":false,"template":"","format":"standard","meta":{"footnotes":""},"categories":[1],"tags":[],"_links":{"self":[{"href":"https:\/\/www.ecuadoraldia.com.ec\/index.php?rest_route=\/wp\/v2\/posts\/6506"}],"collection":[{"href":"https:\/\/www.ecuadoraldia.com.ec\/index.php?rest_route=\/wp\/v2\/posts"}],"about":[{"href":"https:\/\/www.ecuadoraldia.com.ec\/index.php?rest_route=\/wp\/v2\/types\/post"}],"author":[{"embeddable":true,"href":"https:\/\/www.ecuadoraldia.com.ec\/index.php?rest_route=\/wp\/v2\/users\/1"}],"replies":[{"embeddable":true,"href":"https:\/\/www.ecuadoraldia.com.ec\/index.php?rest_route=%2Fwp%2Fv2%2Fcomments&post=6506"}],"version-history":[{"count":1,"href":"https:\/\/www.ecuadoraldia.com.ec\/index.php?rest_route=\/wp\/v2\/posts\/6506\/revisions"}],"predecessor-version":[{"id":6508,"href":"https:\/\/www.ecuadoraldia.com.ec\/index.php?rest_route=\/wp\/v2\/posts\/6506\/revisions\/6508"}],"wp:attachment":[{"href":"https:\/\/www.ecuadoraldia.com.ec\/index.php?rest_route=%2Fwp%2Fv2%2Fmedia&parent=6506"}],"wp:term":[{"taxonomy":"category","embeddable":true,"href":"https:\/\/www.ecuadoraldia.com.ec\/index.php?rest_route=%2Fwp%2Fv2%2Fcategories&post=6506"},{"taxonomy":"post_tag","embeddable":true,"href":"https:\/\/www.ecuadoraldia.com.ec\/index.php?rest_route=%2Fwp%2Fv2%2Ftags&post=6506"}],"curies":[{"name":"wp","href":"https:\/\/api.w.org\/{rel}","templated":true}]}}