{"id":6509,"date":"2014-12-15T22:39:11","date_gmt":"2014-12-15T22:39:11","guid":{"rendered":"http:\/\/www.ecuadoraldia.com.ec\/?p=6509"},"modified":"2014-12-15T22:39:11","modified_gmt":"2014-12-15T22:39:11","slug":"final-entre-emelec-y-barcelona-se-disputara-sin-publico-visitante","status":"publish","type":"post","link":"https:\/\/www.ecuadoraldia.com.ec\/?p=6509","title":{"rendered":"Final entre Emelec y Barcelona se disputar\u00e1 sin p\u00fablico visitante"},"content":{"rendered":"<p style=\"text-align: justify;\"><a href=\"http:\/\/www.ecuadoraldia.com.ec\/wp-content\/uploads\/2014\/12\/emebarce.jpg\"><img loading=\"lazy\" decoding=\"async\" class=\"alignleft size-medium wp-image-6510\" src=\"http:\/\/www.ecuadoraldia.com.ec\/wp-content\/uploads\/2014\/12\/emebarce-300x194.jpg\" alt=\"emebarce\" width=\"300\" height=\"194\" srcset=\"https:\/\/www.ecuadoraldia.com.ec\/wp-content\/uploads\/2014\/12\/emebarce-300x194.jpg 300w, https:\/\/www.ecuadoraldia.com.ec\/wp-content\/uploads\/2014\/12\/emebarce.jpg 470w\" sizes=\"(max-width: 300px) 100vw, 300px\" \/><\/a>La Intendencia de polic\u00eda, ASOGUAYAS y representantes de los clubes del Astillero, acordaron que las dos finales del Campeonato Nacional de Futbol se jueguen sin hinchada visitante. Estuvieron presentes Crnl. Luis Lalama(CTE), Consuelo Castro intendenta<\/p>\n<p style=\"text-align: justify;\">La final por el t\u00edtulo del f\u00fatbol ecuatoriano que disputar\u00e1n el mi\u00e9rcoles y domingo venideros Barcelona y Emelec se celebrar\u00e1 sin la presencia de aficionados visitantes en los estadios de ambos equipos por pedido de la polic\u00eda de Ecuador.<\/p>\n<p style=\"text-align: justify;\">La propuesta que hizo la polic\u00eda local a los directivos de ambos equipos fue aceptada hoy de manera oficial, por lo que la primera confrontaci\u00f3n de esta final contar\u00e1 de manera exclusiva con aficionados del Barcelona, mientras que los de Emelec esperar\u00e1n hasta el domingo venidero para alentar y ver en acci\u00f3n a su equipo.<\/p>\n<p>El representante de la polic\u00eda local, Jhonny Mora, asegur\u00f3 a los periodistas que tanto el estadio Monumental \u00abIsidro Romero\u00bb de Barcelona, como el \u00abGeorge Capwell\u00bb de Emelec, \u00abno brindan la seguridad y garant\u00eda necesaria para un encuentro de esta magnitud\u00bb, ya que \u00abes un partido de un alt\u00edsimo riesgo\u00bb.<\/p>\n<p>Mora a\u00f1adi\u00f3 que \u00abpara este mi\u00e9rcoles habr\u00e1 1.800 polic\u00edas, mientras que para el domingo se destinar\u00e1n 2.500\u00bb para el &#8216;Cl\u00e1sico del astillero&#8217;.<\/p>\n<p>Los hinchas del Barcelona colmaron hoy los sitios de ventas de los boletos y se prev\u00e9 que asistan unos 70.000 aficionados, mientras que el estadio de Emelec tiene capacidad para unos 22.000 aficionados.<\/p>\n<p>Guayaquil (Ecuador), EFE.<\/p>\n","protected":false},"excerpt":{"rendered":"<p>La Intendencia de polic\u00eda, ASOGUAYAS y representantes de los clubes del Astillero, acordaron que las dos finales del Campeonato Nacional<\/p>\n","protected":false},"author":1,"featured_media":0,"comment_status":"open","ping_status":"open","sticky":false,"template":"","format":"standard","meta":{"footnotes":""},"categories":[10],"tags":[],"_links":{"self":[{"href":"https:\/\/www.ecuadoraldia.com.ec\/index.php?rest_route=\/wp\/v2\/posts\/6509"}],"collection":[{"href":"https:\/\/www.ecuadoraldia.com.ec\/index.php?rest_route=\/wp\/v2\/posts"}],"about":[{"href":"https:\/\/www.ecuadoraldia.com.ec\/index.php?rest_route=\/wp\/v2\/types\/post"}],"author":[{"embeddable":true,"href":"https:\/\/www.ecuadoraldia.com.ec\/index.php?rest_route=\/wp\/v2\/users\/1"}],"replies":[{"embeddable":true,"href":"https:\/\/www.ecuadoraldia.com.ec\/index.php?rest_route=%2Fwp%2Fv2%2Fcomments&post=6509"}],"version-history":[{"count":1,"href":"https:\/\/www.ecuadoraldia.com.ec\/index.php?rest_route=\/wp\/v2\/posts\/6509\/revisions"}],"predecessor-version":[{"id":6511,"href":"https:\/\/www.ecuadoraldia.com.ec\/index.php?rest_route=\/wp\/v2\/posts\/6509\/revisions\/6511"}],"wp:attachment":[{"href":"https:\/\/www.ecuadoraldia.com.ec\/index.php?rest_route=%2Fwp%2Fv2%2Fmedia&parent=6509"}],"wp:term":[{"taxonomy":"category","embeddable":true,"href":"https:\/\/www.ecuadoraldia.com.ec\/index.php?rest_route=%2Fwp%2Fv2%2Fcategories&post=6509"},{"taxonomy":"post_tag","embeddable":true,"href":"https:\/\/www.ecuadoraldia.com.ec\/index.php?rest_route=%2Fwp%2Fv2%2Ftags&post=6509"}],"curies":[{"name":"wp","href":"https:\/\/api.w.org\/{rel}","templated":true}]}}