{"id":6512,"date":"2014-12-15T22:41:08","date_gmt":"2014-12-15T22:41:08","guid":{"rendered":"http:\/\/www.ecuadoraldia.com.ec\/?p=6512"},"modified":"2014-12-15T23:06:27","modified_gmt":"2014-12-15T23:06:27","slug":"fiscalia-inicia-investigacion-previa-por-accidente-en-coca-codo-sinclair","status":"publish","type":"post","link":"https:\/\/www.ecuadoraldia.com.ec\/?p=6512","title":{"rendered":"Fiscal\u00eda inicia investigaci\u00f3n previa por accidente en Coca Codo Sinclair"},"content":{"rendered":"<p style=\"text-align: justify;\"><a href=\"http:\/\/www.ecuadoraldia.com.ec\/wp-content\/uploads\/2014\/12\/coccodo.jpg\"><img loading=\"lazy\" decoding=\"async\" class=\"alignleft wp-image-6513 size-medium\" src=\"http:\/\/www.ecuadoraldia.com.ec\/wp-content\/uploads\/2014\/12\/coccodo-e1418684780670-300x185.jpg\" alt=\"coccodo\" width=\"300\" height=\"185\" srcset=\"https:\/\/www.ecuadoraldia.com.ec\/wp-content\/uploads\/2014\/12\/coccodo-e1418684780670-300x185.jpg 300w, https:\/\/www.ecuadoraldia.com.ec\/wp-content\/uploads\/2014\/12\/coccodo-e1418684780670.jpg 593w\" sizes=\"(max-width: 300px) 100vw, 300px\" \/><\/a>El fiscal Ren\u00e9 Castillo, quien coordin\u00f3 acciones en la zona del siniestro, indic\u00f3 que una vez conocido el hecho se procedi\u00f3 con el personal que se encontraba en el lugar, a movilizar los escombros con el fin de socorrer a los heridos y hacer el levantamiento de los cad\u00e1veres.<\/p>\n<p style=\"text-align: justify;\">Tras los respectivos protocolos de autopsia se determin\u00f3 que tres de los fallecidos eran de nacionalidad china y los otros 10 ecuatorianos.<\/p>\n<p style=\"text-align: justify;\">El fiscal Castillo expres\u00f3 que los cuerpos de las v\u00edctimas en el derrumbe fueron entregados a sus familiares en el transcurso del domingo.<\/p>\n<p style=\"text-align: justify;\">Ayer, los ministros Coordinador de Sectores Estrat\u00e9gicos y de Electricidad y Energ\u00eda Renovable, Rafael Poveda y Esteban Albornoz, respectivamente, as\u00ed como el gerente general de Coca Codo Sinclair, Luis Ruales, recorrieron el lugar del siniestro.<\/p>\n<p style=\"text-align: justify;\">Las autoridades constataron que mientras se realizaban los trabajos en la tuber\u00eda, por la acci\u00f3n de la presi\u00f3n del agua subterr\u00e1nea, cedi\u00f3 la pared de roca aleda\u00f1a a la plataforma donde estaban los trabajadores, acompa\u00f1ada de una fuerte corriente de agua que destroz\u00f3 la estructura y provoc\u00f3 el accidente.<\/p>\n<p style=\"text-align: justify;\">Tambi\u00e9n se inform\u00f3 que 10 de los 12 trabajadores que resultaron heridos- todos ecuatorianos- se encuentran en una situaci\u00f3n estable y fuera de peligro. Los 2 restantes fueron llevados a Quito, por cuanto requieren de intervenciones quir\u00fargicas.<\/p>\n<p style=\"text-align: justify;\">Los ministros indicaron que la empresa empleadora, Sinohydro Corporation, correr\u00e1 con todos los gastos funerales en el caso de los fallecidos y brindar\u00e1 toda la atenci\u00f3n m\u00e9dica a los heridos.(Tel\u00e9grafo)<\/p>\n","protected":false},"excerpt":{"rendered":"<p>El fiscal Ren\u00e9 Castillo, quien coordin\u00f3 acciones en la zona del siniestro, indic\u00f3 que una vez conocido el hecho se<\/p>\n","protected":false},"author":1,"featured_media":0,"comment_status":"open","ping_status":"open","sticky":false,"template":"","format":"standard","meta":{"footnotes":""},"categories":[5],"tags":[],"_links":{"self":[{"href":"https:\/\/www.ecuadoraldia.com.ec\/index.php?rest_route=\/wp\/v2\/posts\/6512"}],"collection":[{"href":"https:\/\/www.ecuadoraldia.com.ec\/index.php?rest_route=\/wp\/v2\/posts"}],"about":[{"href":"https:\/\/www.ecuadoraldia.com.ec\/index.php?rest_route=\/wp\/v2\/types\/post"}],"author":[{"embeddable":true,"href":"https:\/\/www.ecuadoraldia.com.ec\/index.php?rest_route=\/wp\/v2\/users\/1"}],"replies":[{"embeddable":true,"href":"https:\/\/www.ecuadoraldia.com.ec\/index.php?rest_route=%2Fwp%2Fv2%2Fcomments&post=6512"}],"version-history":[{"count":2,"href":"https:\/\/www.ecuadoraldia.com.ec\/index.php?rest_route=\/wp\/v2\/posts\/6512\/revisions"}],"predecessor-version":[{"id":6524,"href":"https:\/\/www.ecuadoraldia.com.ec\/index.php?rest_route=\/wp\/v2\/posts\/6512\/revisions\/6524"}],"wp:attachment":[{"href":"https:\/\/www.ecuadoraldia.com.ec\/index.php?rest_route=%2Fwp%2Fv2%2Fmedia&parent=6512"}],"wp:term":[{"taxonomy":"category","embeddable":true,"href":"https:\/\/www.ecuadoraldia.com.ec\/index.php?rest_route=%2Fwp%2Fv2%2Fcategories&post=6512"},{"taxonomy":"post_tag","embeddable":true,"href":"https:\/\/www.ecuadoraldia.com.ec\/index.php?rest_route=%2Fwp%2Fv2%2Ftags&post=6512"}],"curies":[{"name":"wp","href":"https:\/\/api.w.org\/{rel}","templated":true}]}}