{"id":6515,"date":"2014-12-15T22:45:11","date_gmt":"2014-12-15T22:45:11","guid":{"rendered":"http:\/\/www.ecuadoraldia.com.ec\/?p=6515"},"modified":"2014-12-15T23:01:37","modified_gmt":"2014-12-15T23:01:37","slug":"presidentes-de-ecuador-y-colombia-dan-mayor-empuje-a-relacion-bilateral","status":"publish","type":"post","link":"https:\/\/www.ecuadoraldia.com.ec\/?p=6515","title":{"rendered":"Presidentes de Ecuador y Colombia dan mayor empuje a relaci\u00f3n bilateral\u00a0"},"content":{"rendered":"<p><a href=\"http:\/\/www.ecuadoraldia.com.ec\/wp-content\/uploads\/2014\/12\/correa-y-santos-e1418684488790.jpg\"><img loading=\"lazy\" decoding=\"async\" class=\"alignleft wp-image-6516 size-medium\" src=\"http:\/\/www.ecuadoraldia.com.ec\/wp-content\/uploads\/2014\/12\/correa-y-santos-e1418684488790-280x300.jpg\" alt=\"\" width=\"280\" height=\"300\" srcset=\"https:\/\/www.ecuadoraldia.com.ec\/wp-content\/uploads\/2014\/12\/correa-y-santos-e1418684488790-280x300.jpg 280w, https:\/\/www.ecuadoraldia.com.ec\/wp-content\/uploads\/2014\/12\/correa-y-santos-e1418684488790.jpg 426w\" sizes=\"(max-width: 280px) 100vw, 280px\" \/><\/a>Los presidentes de Colombia, Juan Manuel Santos, y Ecuador, Rafael Correa, instalaron este lunes en el lado ecuatoriano una reuni\u00f3n conjunta con sus ministros para dar m\u00e1s br\u00edos a la relaci\u00f3n bilateral, promoviendo planes de desarrollo social, econ\u00f3mico y de seguridad.<\/p>\n<p style=\"text-align: justify;\">\u00abEsta reuni\u00f3n lo que nos va a permitir es avanzar m\u00e1s en los diferentes temas sociales, de desarrollo fronterizo, econ\u00f3micos, pol\u00edticos, y por eso nos complace enormemente estar nuevamente aqu\u00ed\u00bb, expres\u00f3 Santos a su arribo para participar en el tercer encuentro binacional de ministros, que se cumple anualmente.<\/p>\n<p style=\"text-align: justify;\">Previo a la cita, celebrada en la localidad costera de Rioverde (175 km al noroeste), Correa dijo que \u00abestos gabinetes demuestran que podemos trabajar como un solo gobierno por nuestros pueblos y adem\u00e1s es un mecanismo muy eficiente para llevar adelante los proyectos binacionales, las pol\u00edticas, los programas en funci\u00f3n del buen vivir\u00bb.<\/p>\n<p style=\"text-align: justify;\">Santos y Correa lideran las deliberaciones del denominado gabinete binacional, una estrategia impulsada por Correa para promover el desarrollo fronterizo similar al que Ecuador tambi\u00e9n ejecuta con Per\u00fa.<\/p>\n<p style=\"text-align: justify;\">\u00abNuestros pueblos siempre han sido uno solo\u00bb, a\u00f1adi\u00f3 el gobernante ecuatoriano, quien adem\u00e1s ratific\u00f3 su respaldo a las negociaciones de paz que sostienen el gobierno de Santos con la guerrilla de las FARC en La Habana para poner fin a un conflicto armado de medio siglo.<\/p>\n<p style=\"text-align: justify;\">Ambos pa\u00edses promueven seis ejes estrat\u00e9gicos: de infraestructura y conectividad; seguridad y defensa; asuntos econ\u00f3micos y comerciales; fronterizos; ambientales; y comerciales.<\/p>\n<p style=\"text-align: justify;\">En el encuentro las delegaciones tienen previsto fortalecer la lucha contra delitos como la trata de personas, el narcotr\u00e1fico, la miner\u00eda ilegal y el contrabando, incluido el de combustibles, seg\u00fan el ministerio ecuatoriano de Seguridad.<\/p>\n<p style=\"text-align: justify;\">\u00abSi hacemos un balance entre el momento en que comenzamos con estos gabinetes binacionales (en 2012) y el d\u00eda de hoy, los avances han sido espectaculares\u00bb, destac\u00f3 Santos.<\/p>\n<p style=\"text-align: justify;\">\u00abLas relaciones entre Ecuador y Colombia pasan por el mejor momento de su historia\u00bb, a\u00f1adi\u00f3.<\/p>\n<p style=\"text-align: justify;\">El vicecanciller de Ecuador, Leonardo Ar\u00edzaga, anticip\u00f3 que tambi\u00e9n \u00abse van a tratar temas de infraestructura, como el nuevo eje que conectar\u00e1 Esmeraldas (provincia l\u00edmitrogfe al noroeste) con el Pac\u00edfico colombiano\u00bb.<\/p>\n<p style=\"text-align: justify;\">Los dos pa\u00edses comparten una frontera de unos 700 km, entre la ribera en el oc\u00e9ano Pac\u00edfico y la selva amaz\u00f3nica, a lo largo de la cual operan organizaciones armadas ilegales, contrabandistas de armas, drogas y combustibles.<\/p>\n<p style=\"text-align: justify;\">Para Ecuador, Colombia es el segundo socio comercial despu\u00e9s de Estados Unidos. Entre enero y octubre de 2014, la venta de productos ecuatorianos se ubic\u00f3 en 784,3 millones de d\u00f3lares y las compras de mercader\u00eda colombiana en 1.808,5 millones.<\/p>\n<p style=\"text-align: justify;\">Ambos gobiernos restablecieron plenamente sus nexos diplom\u00e1ticos en 2010 tras una severa crisis originada por un ataque militar colombiano contra las FARC en suelo ecuatoriano en marzo de 2008, dejando 25 muertos, incluido Ra\u00fal Reyes, el n\u00famero dos de esa guerrilla.<\/p>\n<p style=\"text-align: justify;\">Ratifica apoyo a negociaciones de paz<\/p>\n<p style=\"text-align: justify;\">El mandatario Correa ratific\u00f3 hoy su respaldo a las negociaciones de paz que sostienen el gobierno de Colombia y la guerrilla de las FARC en La Habana, que buscan poner fin a un conflicto armado interno de medio siglo.<\/p>\n<p style=\"text-align: justify;\">Correa destac\u00f3 la \u00ablabor hist\u00f3rica\u00bb que su hom\u00f3logo colombiano realiza en la \u00abb\u00fasqueda de la paz, del cese a la violencia, de la violencia de casi medio siglo en nuestra querida Colombia\u00bb. (AFP)<\/p>\n","protected":false},"excerpt":{"rendered":"<p>Los presidentes de Colombia, Juan Manuel Santos, y Ecuador, Rafael Correa, instalaron este lunes en el lado ecuatoriano una reuni\u00f3n<\/p>\n","protected":false},"author":1,"featured_media":0,"comment_status":"open","ping_status":"open","sticky":false,"template":"","format":"standard","meta":{"footnotes":""},"categories":[1],"tags":[],"_links":{"self":[{"href":"https:\/\/www.ecuadoraldia.com.ec\/index.php?rest_route=\/wp\/v2\/posts\/6515"}],"collection":[{"href":"https:\/\/www.ecuadoraldia.com.ec\/index.php?rest_route=\/wp\/v2\/posts"}],"about":[{"href":"https:\/\/www.ecuadoraldia.com.ec\/index.php?rest_route=\/wp\/v2\/types\/post"}],"author":[{"embeddable":true,"href":"https:\/\/www.ecuadoraldia.com.ec\/index.php?rest_route=\/wp\/v2\/users\/1"}],"replies":[{"embeddable":true,"href":"https:\/\/www.ecuadoraldia.com.ec\/index.php?rest_route=%2Fwp%2Fv2%2Fcomments&post=6515"}],"version-history":[{"count":4,"href":"https:\/\/www.ecuadoraldia.com.ec\/index.php?rest_route=\/wp\/v2\/posts\/6515\/revisions"}],"predecessor-version":[{"id":6523,"href":"https:\/\/www.ecuadoraldia.com.ec\/index.php?rest_route=\/wp\/v2\/posts\/6515\/revisions\/6523"}],"wp:attachment":[{"href":"https:\/\/www.ecuadoraldia.com.ec\/index.php?rest_route=%2Fwp%2Fv2%2Fmedia&parent=6515"}],"wp:term":[{"taxonomy":"category","embeddable":true,"href":"https:\/\/www.ecuadoraldia.com.ec\/index.php?rest_route=%2Fwp%2Fv2%2Fcategories&post=6515"},{"taxonomy":"post_tag","embeddable":true,"href":"https:\/\/www.ecuadoraldia.com.ec\/index.php?rest_route=%2Fwp%2Fv2%2Ftags&post=6515"}],"curies":[{"name":"wp","href":"https:\/\/api.w.org\/{rel}","templated":true}]}}