{"id":6525,"date":"2014-12-15T23:23:55","date_gmt":"2014-12-15T23:23:55","guid":{"rendered":"http:\/\/www.ecuadoraldia.com.ec\/?p=6525"},"modified":"2014-12-15T23:23:55","modified_gmt":"2014-12-15T23:23:55","slug":"dicaprio-tachado-de-despreciable-por-la-presidenta-de-sony","status":"publish","type":"post","link":"https:\/\/www.ecuadoraldia.com.ec\/?p=6525","title":{"rendered":"DiCaprio, tachado de \u00abdespreciable\u00bb por la presidenta de Sony"},"content":{"rendered":"<p style=\"text-align: justify;\"><a href=\"http:\/\/www.ecuadoraldia.com.ec\/wp-content\/uploads\/2014\/12\/leonardo-dicaprio.jpg\"><img loading=\"lazy\" decoding=\"async\" class=\"alignleft size-medium wp-image-6526\" src=\"http:\/\/www.ecuadoraldia.com.ec\/wp-content\/uploads\/2014\/12\/leonardo-dicaprio-300x231.jpg\" alt=\"leonardo-dicaprio\" width=\"300\" height=\"231\" srcset=\"https:\/\/www.ecuadoraldia.com.ec\/wp-content\/uploads\/2014\/12\/leonardo-dicaprio-300x231.jpg 300w, https:\/\/www.ecuadoraldia.com.ec\/wp-content\/uploads\/2014\/12\/leonardo-dicaprio.jpg 387w\" sizes=\"(max-width: 300px) 100vw, 300px\" \/><\/a>La \u00abtelenovela\u00bb que salpica a Sony Pictures, despu\u00e9s de que la compa\u00f1\u00eda sufriera el robo de informaci\u00f3n confidencial por parte de un grupo de hackers todav\u00eda sin identificar, sigue escribiendo nuevos cap\u00edtulos.<\/p>\n<p style=\"text-align: justify;\">El \u00faltimo tiene como protagonista al reconocido actor Leonardo DiCaprio (Titanic) y su rechazo a protagonizar el biopic sobre Steve Jobs, el cofundador de Apple, para tomarse un a\u00f1o sab\u00e1tico. Una decisi\u00f3n que no sent\u00f3 nada bien en la c\u00fapula del estudio, y que ve la luz a trav\u00e9s de The Daily Beast.<\/p>\n<p style=\"text-align: justify;\">En el intercambio de correos electr\u00f3nicos filtrados figura una conversaci\u00f3n al respecto entre Amy Pascal, copresidenta de Sony Pictures, y Marc Gordon, productor del filme sobre Jobs, en septiembre de este a\u00f1o. \u00abEs por el acuerdo&#8230; o simplemente cambi\u00f3 de opini\u00f3n\u00bb, inquiere este \u00faltimo. \u00abLo segundo\u00bb, responde Pascal. Gordon replica: \u00abUn comportamiento horrible\u00bb. Y Pascal apostilla: \u00abDe hecho, despreciable\u00bb.<\/p>\n<p style=\"text-align: justify;\">Palabras que recuerdan a las que dedic\u00f3 a Angelina Jolie por interferir en el fichaje de David Fincher. \u00abMejor cierra la boca a Angie antes de que ella haga m\u00e1s dif\u00edcil a David hacer Jobs\u00bb, escrib\u00eda Pascal al productor Scott Rudin.<\/p>\n<p style=\"text-align: justify;\">Al igual que DiCaprio, tampoco salen bien parados Willow y Jaden Smith, los hijos de Will Smith, a ra\u00edz de una entrevista concedida a The New York Times. Tom Rothman, m\u00e1ximo responsable de la productora TriStar, carga contra los j\u00f3venes, de los que afirma: \u00abLes educan en casa. \u00a1\u00a1\u00a1No dejes que esta familia te marque el calendario!!!\u00bb.<\/p>\n<p style=\"text-align: justify;\">Cari\u00f1o para Clooney y Gosling<\/p>\n<p style=\"text-align: justify;\">Nada que ver con el trato que reciben otras estrellas como George Clooney y Ryan Gosling. El primero cruz\u00f3 una extensa correspondencia con Pascal, preocupado por la marcha de su pel\u00edcula &#8216;Monuments men&#8217;. \u00abNecesito algo de protecci\u00f3n frente a las cr\u00edticas. Hagamos que sea un \u00e9xito. No he dormido en 30 horas y son las siete de la ma\u00f1ana\u00bb, escribe Clooney. \u00abTe protegeremos ganando dinero&#8230; esa es la mejor venganza\u00bb, responde Pascal.<\/p>\n<p style=\"text-align: justify;\">Clooney escribe al d\u00eda siguiente: \u00abTe adoro, Amy. Eres literalmente la \u00fanica persona que dirige un estudio que ama el cine. Siento que los he decepcionado a todos. No era mi intenci\u00f3n. Pido disculpas. He perdido el toque&#8230; \u00bfQui\u00e9n lo sab\u00eda? Lo siento. No lo volver\u00e9 a hacer\u00bb.<\/p>\n<p style=\"text-align: justify;\">En cuanto a Gosling, al que Sony intent\u00f3 fichar para la nueva entrega de &#8216;Los cazafantasmas&#8217; o &#8216;Los seis siniestros&#8217;, Pascal tuvo con el actor canadiense un encuentro muy prometedor, seg\u00fan revela el correo que le hace llegar la agente del actor, Ilene Feldman: \u00abRyan se enamor\u00f3 de ti (&#8230;). Realmente quiere hacer algo contigo\u00bb. Conversaciones que, sin embargo, no llegaron a buen puerto.<\/p>\n<p style=\"text-align: justify;\">Jennifer Lawrence cobra menos<\/p>\n<p style=\"text-align: justify;\">Otro intercambio de informaci\u00f3n confidencial al que tuvo acceso The Daily Beast revela que Jennifer Lawrence recibi\u00f3 por su participaci\u00f3n en &#8216;La gran estafa americana&#8217; un porcentaje de los beneficios del filme inferior al que percibieron sus compa\u00f1eros masculinos. Lawrence, al igual que Amy Adams, se llev\u00f3 un 7%, frente al 9% de Bradley Cooper, Christian Bale, Jeremy Renner y el director David O. Russell. Un agravio que llev\u00f3 a protestar a los abogados de la actriz, y que hizo notar Andrew Gumpert, presidente de asuntos financieros en Columbia Pictures (subsidiaria de Sony).<\/p>\n<p style=\"text-align: justify;\">Al margen del cruce de correos electr\u00f3nicos, que fundamentalmente da\u00f1an la imagen de los directivos de Sony y otros miembros de la industria, la acci\u00f3n de los hackers tiene consecuencias m\u00e1s graves. El pasado fin de semana EOne Productions desvelaba que los piratas hab\u00edan robado la primera versi\u00f3n del gui\u00f3n de la nueva pel\u00edcula de James Bond, &#8216;Spectre&#8217;, que se estrenar\u00e1 a finales del a\u00f1o pr\u00f3ximo. Temen, en buena l\u00f3gica, que el libreto acabe en la red.<\/p>\n<p>&nbsp;<\/p>\n","protected":false},"excerpt":{"rendered":"<p>La \u00abtelenovela\u00bb que salpica a Sony Pictures, despu\u00e9s de que la compa\u00f1\u00eda sufriera el robo de informaci\u00f3n confidencial por parte<\/p>\n","protected":false},"author":1,"featured_media":0,"comment_status":"open","ping_status":"open","sticky":false,"template":"","format":"standard","meta":{"footnotes":""},"categories":[1],"tags":[],"_links":{"self":[{"href":"https:\/\/www.ecuadoraldia.com.ec\/index.php?rest_route=\/wp\/v2\/posts\/6525"}],"collection":[{"href":"https:\/\/www.ecuadoraldia.com.ec\/index.php?rest_route=\/wp\/v2\/posts"}],"about":[{"href":"https:\/\/www.ecuadoraldia.com.ec\/index.php?rest_route=\/wp\/v2\/types\/post"}],"author":[{"embeddable":true,"href":"https:\/\/www.ecuadoraldia.com.ec\/index.php?rest_route=\/wp\/v2\/users\/1"}],"replies":[{"embeddable":true,"href":"https:\/\/www.ecuadoraldia.com.ec\/index.php?rest_route=%2Fwp%2Fv2%2Fcomments&post=6525"}],"version-history":[{"count":1,"href":"https:\/\/www.ecuadoraldia.com.ec\/index.php?rest_route=\/wp\/v2\/posts\/6525\/revisions"}],"predecessor-version":[{"id":6527,"href":"https:\/\/www.ecuadoraldia.com.ec\/index.php?rest_route=\/wp\/v2\/posts\/6525\/revisions\/6527"}],"wp:attachment":[{"href":"https:\/\/www.ecuadoraldia.com.ec\/index.php?rest_route=%2Fwp%2Fv2%2Fmedia&parent=6525"}],"wp:term":[{"taxonomy":"category","embeddable":true,"href":"https:\/\/www.ecuadoraldia.com.ec\/index.php?rest_route=%2Fwp%2Fv2%2Fcategories&post=6525"},{"taxonomy":"post_tag","embeddable":true,"href":"https:\/\/www.ecuadoraldia.com.ec\/index.php?rest_route=%2Fwp%2Fv2%2Ftags&post=6525"}],"curies":[{"name":"wp","href":"https:\/\/api.w.org\/{rel}","templated":true}]}}