{"id":6528,"date":"2014-12-15T23:39:31","date_gmt":"2014-12-15T23:39:31","guid":{"rendered":"http:\/\/www.ecuadoraldia.com.ec\/?p=6528"},"modified":"2014-12-15T23:39:31","modified_gmt":"2014-12-15T23:39:31","slug":"ecuador-y-colombia-firman-acuerdos-en-salud-migracion-y-contra-la-mineria-ilegal","status":"publish","type":"post","link":"https:\/\/www.ecuadoraldia.com.ec\/?p=6528","title":{"rendered":"Ecuador y Colombia firman acuerdos en salud, migraci\u00f3n y contra la miner\u00eda ilegal"},"content":{"rendered":"<p><a href=\"http:\/\/www.ecuadoraldia.com.ec\/wp-content\/uploads\/2014\/12\/acuerdo.jpg\"><img loading=\"lazy\" decoding=\"async\" class=\"alignleft size-medium wp-image-6529\" src=\"http:\/\/www.ecuadoraldia.com.ec\/wp-content\/uploads\/2014\/12\/acuerdo-300x187.jpg\" alt=\"acuerdo\" width=\"300\" height=\"187\" srcset=\"https:\/\/www.ecuadoraldia.com.ec\/wp-content\/uploads\/2014\/12\/acuerdo-300x187.jpg 300w, https:\/\/www.ecuadoraldia.com.ec\/wp-content\/uploads\/2014\/12\/acuerdo.jpg 580w\" sizes=\"(max-width: 300px) 100vw, 300px\" \/><\/a>Esmeraldas (Andes) Los gobiernos de Ecuador y Colombia establecieron este lunes en el III Gabinete Binacional nuevos acuerdos bilaterales en materia de salud, migraci\u00f3n y contra la miner\u00eda ilegal y otros delitos criminales. La ministra ecuatoriana de Salud P\u00fablica, Carina Vance, rubric\u00f3 con su par colombiano, Alejandro Gaviria, un Plan Quinquenal para la zona de frontera (2015-2019). El texto del Plan refiere que el prop\u00f3sito es dar mayor cobertura de servicios promocionales y preventivo a los habitantes de esas regiones, que suman unos 2.5 millones, seg\u00fan estimados oficiales. Seg\u00fan precisa, este ser\u00e1 una herramienta de planificaci\u00f3n, seguimiento y evaluaci\u00f3n para el mejoramiento de la salud de los residentes en el \u00e1rea lim\u00edtrofe y responde a los mandatos presidenciales con ese prop\u00f3sito. Los cancilleres de Ecuador, Ricardo Pati\u00f1o, y Mar\u00eda \u00c1ngela Holgu\u00edn, de Colombia, rubricaron, adem\u00e1s, un convenio de estatuto migratorio permanente. Con este acuerdo se busca actualizar seg\u00fan las necesidades el estatuto migratorio permanente y facilitar el tr\u00e1nsito y permanencia de personas en ambos pa\u00edses. Pati\u00f1o y Holgu\u00edn firmaron un memorando de entendimiento mediante el cual se establece un mecanismo binacional para la lucha contra la miner\u00eda ilegal en la zona de frontera. El objetivo de este \u00faltimo es procurar un espacio para acciones contra actos que atentan seguridad, la econom\u00eda, recursos naturales, el medio ambiente y la salud derivados de la miner\u00eda ilegal y otros delios criminales. Al concluir el III Gabinete Binacional, los presidentes de Ecuador, Rafael Correa, y de Colombia, Juan Manuel Santos, realizar\u00e1n una Declaraci\u00f3n Conjunta y un Plan Binacional de Integraci\u00f3n Transfronteriza hasta el a\u00f1o 2022.<\/p>\n","protected":false},"excerpt":{"rendered":"<p>Esmeraldas (Andes) Los gobiernos de Ecuador y Colombia establecieron este lunes en el III Gabinete Binacional nuevos acuerdos bilaterales en<\/p>\n","protected":false},"author":1,"featured_media":0,"comment_status":"open","ping_status":"open","sticky":false,"template":"","format":"standard","meta":{"footnotes":""},"categories":[17,4],"tags":[],"_links":{"self":[{"href":"https:\/\/www.ecuadoraldia.com.ec\/index.php?rest_route=\/wp\/v2\/posts\/6528"}],"collection":[{"href":"https:\/\/www.ecuadoraldia.com.ec\/index.php?rest_route=\/wp\/v2\/posts"}],"about":[{"href":"https:\/\/www.ecuadoraldia.com.ec\/index.php?rest_route=\/wp\/v2\/types\/post"}],"author":[{"embeddable":true,"href":"https:\/\/www.ecuadoraldia.com.ec\/index.php?rest_route=\/wp\/v2\/users\/1"}],"replies":[{"embeddable":true,"href":"https:\/\/www.ecuadoraldia.com.ec\/index.php?rest_route=%2Fwp%2Fv2%2Fcomments&post=6528"}],"version-history":[{"count":1,"href":"https:\/\/www.ecuadoraldia.com.ec\/index.php?rest_route=\/wp\/v2\/posts\/6528\/revisions"}],"predecessor-version":[{"id":6530,"href":"https:\/\/www.ecuadoraldia.com.ec\/index.php?rest_route=\/wp\/v2\/posts\/6528\/revisions\/6530"}],"wp:attachment":[{"href":"https:\/\/www.ecuadoraldia.com.ec\/index.php?rest_route=%2Fwp%2Fv2%2Fmedia&parent=6528"}],"wp:term":[{"taxonomy":"category","embeddable":true,"href":"https:\/\/www.ecuadoraldia.com.ec\/index.php?rest_route=%2Fwp%2Fv2%2Fcategories&post=6528"},{"taxonomy":"post_tag","embeddable":true,"href":"https:\/\/www.ecuadoraldia.com.ec\/index.php?rest_route=%2Fwp%2Fv2%2Ftags&post=6528"}],"curies":[{"name":"wp","href":"https:\/\/api.w.org\/{rel}","templated":true}]}}