{"id":6531,"date":"2014-12-15T23:57:38","date_gmt":"2014-12-15T23:57:38","guid":{"rendered":"http:\/\/www.ecuadoraldia.com.ec\/?p=6531"},"modified":"2014-12-15T23:57:38","modified_gmt":"2014-12-15T23:57:38","slug":"este-martes-inicia-sistematizacion-de-propuestas-a-proyecto-de-ley-de-incentivos-a-la-produccion","status":"publish","type":"post","link":"https:\/\/www.ecuadoraldia.com.ec\/?p=6531","title":{"rendered":"Este martes inicia sistematizaci\u00f3n de propuestas a proyecto de ley de incentivos a la producci\u00f3n"},"content":{"rendered":"<p style=\"text-align: justify;\"><a href=\"http:\/\/www.ecuadoraldia.com.ec\/wp-content\/uploads\/2014\/12\/economico.jpg\"><img loading=\"lazy\" decoding=\"async\" class=\"alignleft size-medium wp-image-6532\" src=\"http:\/\/www.ecuadoraldia.com.ec\/wp-content\/uploads\/2014\/12\/economico-300x200.jpg\" alt=\"economico\" width=\"300\" height=\"200\" srcset=\"https:\/\/www.ecuadoraldia.com.ec\/wp-content\/uploads\/2014\/12\/economico-300x200.jpg 300w, https:\/\/www.ecuadoraldia.com.ec\/wp-content\/uploads\/2014\/12\/economico.jpg 420w\" sizes=\"(max-width: 300px) 100vw, 300px\" \/><\/a>Comisi\u00f3n de R\u00e9gimen Econ\u00f3mico inicia ma\u00f1ana sistematizaci\u00f3n de propuestas a proyecto de incentivos a la producci\u00f3n<\/p>\n<p style=\"text-align: justify;\">Este martes, a partir de las 15:00, la Comisi\u00f3n de R\u00e9gimen Econ\u00f3mico analizar\u00e1 las observaciones planteadas por los parlamentarios al proyecto de Ley Org\u00e1nica de Incentivos a la Producci\u00f3n y Prevenci\u00f3n del Fraude Fiscal, calificado de urgente en materia econ\u00f3mica.<\/p>\n<p style=\"text-align: justify;\">La normativa busca planificar el desarrollo nacional y erradicar la pobreza, promover el desarrollo sustentable y la redistribuci\u00f3n equitativa de los recursos a trav\u00e9s de pol\u00edticas econ\u00f3micas, tributarias y fiscales, pues el cambio de la matriz productiva demanda una mayor promoci\u00f3n de las exportaciones dando preferencia a aquellas que generen mayor valor agregado y en particular las exportaciones de los peque\u00f1os y medianos productores.<\/p>\n<p style=\"text-align: justify;\">La propuesta fomenta la producci\u00f3n, inversi\u00f3n, empleo y competitividad, incentiva el desarrollo de la industria b\u00e1sica, combate la informalidad, el contrabando y la competencia desleal; facilita el cumplimiento tributario en el pago de obligaciones, promueve la reforestaci\u00f3n, fortalece el talento humano y a las micro, peque\u00f1as y medianas empresas, se privilegia el talento humano sobre el capital.<\/p>\n<p style=\"text-align: justify;\">Adem\u00e1s busca disminuir la brecha de desigualdad, fortalece el sistema tributario en funci\u00f3n de la legalidad, a fin de que haya mayor masa de contribuyentes que permitir\u00e1 una mejor recaudaci\u00f3n de impuestos y se sanciona el fraude fiscal.<\/p>\n<p style=\"text-align: justify;\">Los incentivos que se incluyen a trav\u00e9s del proyecto tienen que ver con el no pago del Impuesto a la Renta por 10 a\u00f1os a las inversiones nuevas en industrias b\u00e1sicas (astilleros, sider\u00fargicas, petroqu\u00edmica, fundici\u00f3n de cobre); doble deducci\u00f3n del Impuesto a la Renta por 5 a\u00f1os a las inversiones en sectores estrat\u00e9gicos, por depreciaci\u00f3n de activos productivos; la deducci\u00f3n del 100% adicional al Impuesto a la Renta, por 5 a\u00f1os para las micro, peque\u00f1as y medianas empresas. Estabilidad tributaria para quienes firmen contratos de inversi\u00f3n que durar\u00e1n 15 a\u00f1os.<\/p>\n<p style=\"text-align: justify;\">Se estable tambi\u00e9n la tarifa segmentada en atenci\u00f3n a la producci\u00f3n y a la exportaci\u00f3n de banano. Para la producci\u00f3n, se determina que la venta local de la fruta de hasta 300 cajas semanales, pagar\u00e1 una tarifa del 1%; desde 301 hasta 1.000 cajas semanales, pagar\u00e1 una tarifa de 1,25%; desde 1.001 hasta 3.000 cajas semanales la tarifa ser\u00e1 de 1,5%; y, desde 3.001 en adelante, la tarifa ser\u00e1 del 2% del valor de la facturaci\u00f3n que no podr\u00e1 ser inferior al precio m\u00ednimo de sustentaci\u00f3n fijado por la autoridad nacional de agricultura, entre otros aspectos.(JLVN\/pvAsamblea Nacional)<\/p>\n","protected":false},"excerpt":{"rendered":"<p>Comisi\u00f3n de R\u00e9gimen Econ\u00f3mico inicia ma\u00f1ana sistematizaci\u00f3n de propuestas a proyecto de incentivos a la producci\u00f3n Este martes, a partir<\/p>\n","protected":false},"author":1,"featured_media":0,"comment_status":"open","ping_status":"open","sticky":false,"template":"","format":"standard","meta":{"footnotes":""},"categories":[3],"tags":[],"_links":{"self":[{"href":"https:\/\/www.ecuadoraldia.com.ec\/index.php?rest_route=\/wp\/v2\/posts\/6531"}],"collection":[{"href":"https:\/\/www.ecuadoraldia.com.ec\/index.php?rest_route=\/wp\/v2\/posts"}],"about":[{"href":"https:\/\/www.ecuadoraldia.com.ec\/index.php?rest_route=\/wp\/v2\/types\/post"}],"author":[{"embeddable":true,"href":"https:\/\/www.ecuadoraldia.com.ec\/index.php?rest_route=\/wp\/v2\/users\/1"}],"replies":[{"embeddable":true,"href":"https:\/\/www.ecuadoraldia.com.ec\/index.php?rest_route=%2Fwp%2Fv2%2Fcomments&post=6531"}],"version-history":[{"count":1,"href":"https:\/\/www.ecuadoraldia.com.ec\/index.php?rest_route=\/wp\/v2\/posts\/6531\/revisions"}],"predecessor-version":[{"id":6533,"href":"https:\/\/www.ecuadoraldia.com.ec\/index.php?rest_route=\/wp\/v2\/posts\/6531\/revisions\/6533"}],"wp:attachment":[{"href":"https:\/\/www.ecuadoraldia.com.ec\/index.php?rest_route=%2Fwp%2Fv2%2Fmedia&parent=6531"}],"wp:term":[{"taxonomy":"category","embeddable":true,"href":"https:\/\/www.ecuadoraldia.com.ec\/index.php?rest_route=%2Fwp%2Fv2%2Fcategories&post=6531"},{"taxonomy":"post_tag","embeddable":true,"href":"https:\/\/www.ecuadoraldia.com.ec\/index.php?rest_route=%2Fwp%2Fv2%2Ftags&post=6531"}],"curies":[{"name":"wp","href":"https:\/\/api.w.org\/{rel}","templated":true}]}}