{"id":6534,"date":"2014-12-16T00:00:44","date_gmt":"2014-12-16T00:00:44","guid":{"rendered":"http:\/\/www.ecuadoraldia.com.ec\/?p=6534"},"modified":"2014-12-16T00:00:44","modified_gmt":"2014-12-16T00:00:44","slug":"ley-de-incentivos-a-la-produccion-disminuye-la-desigualdad-destacan-asambleistas","status":"publish","type":"post","link":"https:\/\/www.ecuadoraldia.com.ec\/?p=6534","title":{"rendered":"Ley de incentivos a la producci\u00f3n disminuye la desigualdad, destacan asamble\u00edstas"},"content":{"rendered":"<p style=\"text-align: justify;\"><a href=\"http:\/\/www.ecuadoraldia.com.ec\/wp-content\/uploads\/2014\/12\/pleno.jpg\"><img loading=\"lazy\" decoding=\"async\" class=\"alignleft size-medium wp-image-6535\" src=\"http:\/\/www.ecuadoraldia.com.ec\/wp-content\/uploads\/2014\/12\/pleno-300x200.jpg\" alt=\"pleno\" width=\"300\" height=\"200\" srcset=\"https:\/\/www.ecuadoraldia.com.ec\/wp-content\/uploads\/2014\/12\/pleno-300x200.jpg 300w, https:\/\/www.ecuadoraldia.com.ec\/wp-content\/uploads\/2014\/12\/pleno.jpg 420w\" sizes=\"(max-width: 300px) 100vw, 300px\" \/><\/a>El Pleno de la Asamblea Nacional tramit\u00f3 en primer debate del proyecto de Ley de Incentivos a la Producci\u00f3n y Prevenci\u00f3n de la Evasi\u00f3n Fiscal, el que a criterio de varios asamble\u00edstas disminuye las brechas de desigualdad, incluye a los peque\u00f1os empresarios genera seguridad y certeza a la inversi\u00f3n nacional y extranjera, promueve el desarrollo del sector industrial, establece deducci\u00f3n de IVA para personas con discapacidad, adulto mayor y a los migrantes.<\/p>\n<p style=\"text-align: justify;\">Para lograr la competitividad entre los productores es necesario dictar pol\u00edticas coherentes en el desarrollo de incentivos y fijar reglas claras que otorguen seguridad jur\u00eddica y aplicabilidad a los beneficios tributarios que se incorporan en el C\u00f3digo de la Producci\u00f3n, lo cual fomentar\u00e1 la inversi\u00f3n y la reconversi\u00f3n de la matriz productiva, dijeron al subrayar que es bueno que a trav\u00e9s de la normativa se establezcan mecanismos que prevengan la evasi\u00f3n fiscal.<\/p>\n<p style=\"text-align: justify;\">Luego de que varios legisladores dieron sus aportes al proyecto, la presidenta de la Asamblea Nacional, Gabriela Rivadeneira, dio por concluido el primer debate.<\/p>\n<p style=\"text-align: justify;\">La legisladora Roc\u00edo Alb\u00e1n dijo que por fin los sectores invisibilizados: peque\u00f1os empresarios, micro y peque\u00f1as empresas son tomados en cuenta en la Ley de Incentivos a la Producci\u00f3n, misma que genera seguridad y certeza en la inversi\u00f3n, pues, el 60% del proyecto contempla incentivos tributarios para estos sectores productivos.<\/p>\n<p style=\"text-align: justify;\">El legislador Mois\u00e9s Tacle coment\u00f3 que es contraproducente incluir un impuesto a la tenencia o venta de acciones a la vez que considera que en la propuesta se debe establecer incentivos tributarios a inversiones de ecuatorianos en agroindustria, industrializaci\u00f3n de pesca y actividad tecnol\u00f3gica.<\/p>\n<p style=\"text-align: justify;\">Por su parte, el asamble\u00edsta Carlos Bergman asegur\u00f3 que el proyecto permitir\u00e1 que nuestro pa\u00eds sea m\u00e1s atractivo para la inversi\u00f3n nacional y extranjera. Destac\u00f3 el acercamiento de la Comisi\u00f3n de R\u00e9gimen Econ\u00f3mico con el sector bananero para escuchar sus propuestas y plasmarlas en el cuerpo legal; mientras que Richard Farf\u00e1n dijo que la propuesta promueve el desarrollo del sector industrial, a la vez que pidi\u00f3 eliminar el art\u00edculo 42 que se refiere al impuesto al valor agregado de las personas con discapacidad.<\/p>\n<p style=\"text-align: justify;\">Entre tanto, el parlamentario Luis Fernando Torres asever\u00f3 que la ley tiene varias complicaciones tributarias para peque\u00f1os contribuyentes, solicit\u00f3 que en el informe para segundo debate la comisi\u00f3n analice el impacto en las finanzas p\u00fablicas. En cambio, el legislador Fernando Bustamante coment\u00f3 que el texto de residencia tributaria es confuso, por lo que solicit\u00f3 clarificar el tema de v\u00ednculos familiares m\u00e1s estrechos. Galo Borja reiter\u00f3 que la ley propicia la inversi\u00f3n de ecuatorianos que tienen dineros en el exterior.<\/p>\n<p style=\"text-align: justify;\">Antonio Poso precis\u00f3 que la propuesta debe estimular todos los \u00e1mbitos de la producci\u00f3n; consider\u00f3 que es interesante que se regule el impuesto a la renta en el sector bananero, que se reintegre la deducci\u00f3n del IVA a personas con discapacidad y que se ampl\u00ede al adulto mayor. No est\u00e1 de acuerdo con el incremento del precio de cigarrillos y la comida chatarra, m\u00e1s bien se deben hacer campa\u00f1as de car\u00e1cter preventivo y educativo.<\/p>\n<p style=\"text-align: justify;\">Blanca Arg\u00fcello se\u00f1al\u00f3 que esta ley busca desarrollar las industrias denominadas b\u00e1sicas; protege el inter\u00e9s del adulto mayor, el migrante y es fundamental para el desarrollo del Ecuador. Mae Monta\u00f1o expres\u00f3 que los incentivos no han partido de la realidad del sistema empresarial nacional, ni del monto de la inversi\u00f3n extranjera directa. No acepta que en la propuesta existan medidas dirigidas o con dedicatoria.<\/p>\n<p style=\"text-align: justify;\">Soledad Vela indic\u00f3 que durante a\u00f1os la clase media estaba en manos de la oligarqu\u00eda a trav\u00e9s del pago de impuestos, hoy se da impulso al desarrollo de la producci\u00f3n con mayor equidad.<\/p>\n<p style=\"text-align: justify;\">Ximena Pe\u00f1a subray\u00f3 que el proyecto es una respuesta del Ejecutivo para mejorar la legislaci\u00f3n existente, a fin de incentivar cada vez m\u00e1s la competitividad, sin perjudicar los intereses de la ciudadan\u00eda dentro y fuera de la patria; disminuye brechas de desigualdad dando lugar a un reparto equitativo de la riqueza y se establecen medidas para la evasi\u00f3n fiscal.<\/p>\n<p style=\"text-align: justify;\">Virgilio Hern\u00e1ndez manifest\u00f3 que a trav\u00e9s de la normativa se determina medidas antic\u00edclicas para incentivar la inversi\u00f3n privada y evitar el fraude fiscal de personas de mayor renta; mientras que el legislador \u00c9dgar C\u00f3rdova dijo que nadie se puede oponer al control del fraude fiscal que afecta al Estado y a los ecuatorianos pero que se debe ayudar a los exportadores nacionales. Franco Romero record\u00f3 que el sector bananero ya ven\u00eda pagando impuesto tras afirmar que no encuentra ninguna clase de est\u00edmulos en la ley para la producci\u00f3n, sino creaci\u00f3n de mayores tributos.<\/p>\n<p style=\"text-align: justify;\">La legisladora Zobeida Gudi\u00f1o dijo que la propuesta busca terminar con mecanismos ma\u00f1osos para la evasi\u00f3n fiscal y sugiri\u00f3 que los inventivos beneficien tambi\u00e9n a las comunas, cooperativas, asociaciones y familias campesinas.<\/p>\n<p style=\"text-align: justify;\">Por su parte, el parlamentario Montg\u00f3mery S\u00e1nchez record\u00f3 que luego de tres a\u00f1os se logr\u00f3 un acuerdo t\u00e9cnico y legal para un impuesto \u00fanico para la actividad bananera. A su criterio, el tema bananero debe tratarse de forma integral y a largo plazo.<\/p>\n<p style=\"text-align: justify;\">El asamble\u00edsta Patricio Donoso advirti\u00f3 que no se puede castigar al emprendimiento que contempla m\u00e1s de 10 mil empresas con 74 mil empleados. Cristian Viteri expres\u00f3 que la normativa determina incentivos para reforzar y hacer m\u00e1s eficiente el C\u00f3digo de Producci\u00f3n, a la vez que plante\u00f3 un incentivos para el primer empleo.<\/p>\n<p style=\"text-align: justify;\">Ricardo Moncayo lament\u00f3 la eliminaci\u00f3n del fondo de promoci\u00f3n tur\u00edsticas y de ciertas ventajas que ten\u00edan las personas adultas mayores para deducir el IVA. (JLVN\/pvAsamblea Naconal)<\/p>\n","protected":false},"excerpt":{"rendered":"<p>El Pleno de la Asamblea Nacional tramit\u00f3 en primer debate del proyecto de Ley de Incentivos a la Producci\u00f3n y<\/p>\n","protected":false},"author":1,"featured_media":0,"comment_status":"open","ping_status":"open","sticky":false,"template":"","format":"standard","meta":{"footnotes":""},"categories":[3],"tags":[],"_links":{"self":[{"href":"https:\/\/www.ecuadoraldia.com.ec\/index.php?rest_route=\/wp\/v2\/posts\/6534"}],"collection":[{"href":"https:\/\/www.ecuadoraldia.com.ec\/index.php?rest_route=\/wp\/v2\/posts"}],"about":[{"href":"https:\/\/www.ecuadoraldia.com.ec\/index.php?rest_route=\/wp\/v2\/types\/post"}],"author":[{"embeddable":true,"href":"https:\/\/www.ecuadoraldia.com.ec\/index.php?rest_route=\/wp\/v2\/users\/1"}],"replies":[{"embeddable":true,"href":"https:\/\/www.ecuadoraldia.com.ec\/index.php?rest_route=%2Fwp%2Fv2%2Fcomments&post=6534"}],"version-history":[{"count":1,"href":"https:\/\/www.ecuadoraldia.com.ec\/index.php?rest_route=\/wp\/v2\/posts\/6534\/revisions"}],"predecessor-version":[{"id":6536,"href":"https:\/\/www.ecuadoraldia.com.ec\/index.php?rest_route=\/wp\/v2\/posts\/6534\/revisions\/6536"}],"wp:attachment":[{"href":"https:\/\/www.ecuadoraldia.com.ec\/index.php?rest_route=%2Fwp%2Fv2%2Fmedia&parent=6534"}],"wp:term":[{"taxonomy":"category","embeddable":true,"href":"https:\/\/www.ecuadoraldia.com.ec\/index.php?rest_route=%2Fwp%2Fv2%2Fcategories&post=6534"},{"taxonomy":"post_tag","embeddable":true,"href":"https:\/\/www.ecuadoraldia.com.ec\/index.php?rest_route=%2Fwp%2Fv2%2Ftags&post=6534"}],"curies":[{"name":"wp","href":"https:\/\/api.w.org\/{rel}","templated":true}]}}