{"id":6541,"date":"2014-12-17T12:52:05","date_gmt":"2014-12-17T12:52:05","guid":{"rendered":"http:\/\/www.ecuadoraldia.com.ec\/?p=6541"},"modified":"2014-12-17T12:52:05","modified_gmt":"2014-12-17T12:52:05","slug":"los-titulos-superiores-se-reduciran-a-170","status":"publish","type":"post","link":"https:\/\/www.ecuadoraldia.com.ec\/?p=6541","title":{"rendered":"Los t\u00edtulos superiores se reducir\u00e1n a 170"},"content":{"rendered":"<p style=\"text-align: justify;\"><a href=\"http:\/\/www.ecuadoraldia.com.ec\/wp-content\/uploads\/2014\/12\/tit.jpg\"><img loading=\"lazy\" decoding=\"async\" class=\"alignleft size-medium wp-image-6542\" src=\"http:\/\/www.ecuadoraldia.com.ec\/wp-content\/uploads\/2014\/12\/tit-300x180.jpg\" alt=\"tit\" width=\"300\" height=\"180\" srcset=\"https:\/\/www.ecuadoraldia.com.ec\/wp-content\/uploads\/2014\/12\/tit-300x180.jpg 300w, https:\/\/www.ecuadoraldia.com.ec\/wp-content\/uploads\/2014\/12\/tit.jpg 500w\" sizes=\"(max-width: 300px) 100vw, 300px\" \/><\/a>En realidad el plazo vence en octubre de 2016. En esa fecha las universidades deber\u00e1n ofertar carreras con un curr\u00edculo acad\u00e9mico similar y con t\u00edtulos en licenciatura e ingenier\u00edas gen\u00e9ricas, tal como lo estableci\u00f3 el Consejo de Educaci\u00f3n Superior (CES), y no espec\u00edficos como rige hasta el momento.<\/p>\n<p style=\"text-align: justify;\">Con los cambios, la actual oferta universitaria de 1.611 carreras y 750 titulaciones distintas ser\u00e1 reducida. Los t\u00edtulos superiores pasar\u00e1n a ser 170 (ver infograf\u00eda de 4 \u00e1reas), pero pueden incrementarse si alguna carrera no fue incluida en el estudio del CES. La nomenclatura de los t\u00edtulos se adapt\u00f3 de la clasificaci\u00f3n internacional de la Unesco.<\/p>\n<p style=\"text-align: justify;\">Seg\u00fan Marcelo Cevallos, miembro acad\u00e9mico del CES, solo en Derecho exist\u00edan 28 titulaciones. Ahora la \u00fanica con la que se graduar\u00e1n ser\u00e1 la de abogado. En Educaci\u00f3n se ofertan 188 y solo quedar\u00e1n 18.<\/p>\n<p style=\"text-align: justify;\">\u201cLo que se desea es lograr una armonizaci\u00f3n de las carreras, en cada universidad hab\u00eda una duraci\u00f3n diferente, con una distinta malla curricular y hasta el t\u00edtulo variaba. Por eso se decidi\u00f3 que todas trabajen en conjunto y determinen cu\u00e1les son los conocimientos m\u00ednimos y destrezas que debe desarrollar el profesional en cada carrera para graduarse\u201d, coment\u00f3 Cevallos.<\/p>\n<p style=\"text-align: justify;\">Existe la posibilidad de que cada universidad \u2018pueda dar un \u00e9nfasis especial a su curr\u00edculo\u2019 y as\u00ed incluir en el t\u00edtulo gen\u00e9rico una menci\u00f3n.<\/p>\n<p style=\"text-align: justify;\">Por ejemplo, en el caso de Esteban, \u00e9l se podr\u00e1 graduar de abogado con menci\u00f3n en derecho penal.<\/p>\n<p style=\"text-align: justify;\">Se determin\u00f3 tambi\u00e9n que todas las licenciaturas duren 54 meses; mientras que las ingenier\u00edas ser\u00e1n de 5 a\u00f1os. Las \u00fanicas excepciones son la carrera de Medicina, que dura 6 a\u00f1os y Odontolog\u00eda 5 a\u00f1os, al igual que Medicina Veterinaria.<\/p>\n<p style=\"text-align: justify;\">Las titulaciones de las carreras de nivel tecnol\u00f3gico ser\u00e1n homogeneizadas y pasar\u00e1n de 700 a un m\u00e1ximo de 200.<\/p>\n<p style=\"text-align: justify;\">Los per\u00edodos de estudio ser\u00e1n de 2 y 3 a\u00f1os. En el primero caso se obtendr\u00e1 el t\u00edtulo de t\u00e9cnico y en el segundo de tecn\u00f3logo.<\/p>\n<p style=\"text-align: justify;\">En relaci\u00f3n a los programas de postgrado se estableci\u00f3 que las maestr\u00edas de profesionalizaci\u00f3n duren 18 meses y en caso de ser maestr\u00eda acad\u00e9mica su extensi\u00f3n ser\u00e1 de 24 meses. Los doctorados deben ir desde 3 hasta un m\u00e1ximo de 5 a\u00f1os.<\/p>\n<p style=\"text-align: justify;\">Otra alternativa que brindar\u00e1 el sistema de educaci\u00f3n superior es la opci\u00f3n de realizar el trabajo de titulaci\u00f3n entre alumnos de distintas carreras (m\u00e1ximo 3). Los estudiantes tienen un a\u00f1o para terminar el proyecto de grado.<\/p>\n","protected":false},"excerpt":{"rendered":"<p>En realidad el plazo vence en octubre de 2016. En esa fecha las universidades deber\u00e1n ofertar carreras con un curr\u00edculo<\/p>\n","protected":false},"author":1,"featured_media":0,"comment_status":"open","ping_status":"open","sticky":false,"template":"","format":"standard","meta":{"footnotes":""},"categories":[4],"tags":[],"_links":{"self":[{"href":"https:\/\/www.ecuadoraldia.com.ec\/index.php?rest_route=\/wp\/v2\/posts\/6541"}],"collection":[{"href":"https:\/\/www.ecuadoraldia.com.ec\/index.php?rest_route=\/wp\/v2\/posts"}],"about":[{"href":"https:\/\/www.ecuadoraldia.com.ec\/index.php?rest_route=\/wp\/v2\/types\/post"}],"author":[{"embeddable":true,"href":"https:\/\/www.ecuadoraldia.com.ec\/index.php?rest_route=\/wp\/v2\/users\/1"}],"replies":[{"embeddable":true,"href":"https:\/\/www.ecuadoraldia.com.ec\/index.php?rest_route=%2Fwp%2Fv2%2Fcomments&post=6541"}],"version-history":[{"count":1,"href":"https:\/\/www.ecuadoraldia.com.ec\/index.php?rest_route=\/wp\/v2\/posts\/6541\/revisions"}],"predecessor-version":[{"id":6543,"href":"https:\/\/www.ecuadoraldia.com.ec\/index.php?rest_route=\/wp\/v2\/posts\/6541\/revisions\/6543"}],"wp:attachment":[{"href":"https:\/\/www.ecuadoraldia.com.ec\/index.php?rest_route=%2Fwp%2Fv2%2Fmedia&parent=6541"}],"wp:term":[{"taxonomy":"category","embeddable":true,"href":"https:\/\/www.ecuadoraldia.com.ec\/index.php?rest_route=%2Fwp%2Fv2%2Fcategories&post=6541"},{"taxonomy":"post_tag","embeddable":true,"href":"https:\/\/www.ecuadoraldia.com.ec\/index.php?rest_route=%2Fwp%2Fv2%2Ftags&post=6541"}],"curies":[{"name":"wp","href":"https:\/\/api.w.org\/{rel}","templated":true}]}}