{"id":6548,"date":"2014-12-17T21:06:07","date_gmt":"2014-12-17T21:06:07","guid":{"rendered":"http:\/\/www.ecuadoraldia.com.ec\/?p=6548"},"modified":"2014-12-17T21:06:07","modified_gmt":"2014-12-17T21:06:07","slug":"cuba-anuncia-entrega-de-espia-y-otros-presos-politicos","status":"publish","type":"post","link":"https:\/\/www.ecuadoraldia.com.ec\/?p=6548","title":{"rendered":"Cuba anuncia entrega de esp\u00eda y otros presos pol\u00edticos"},"content":{"rendered":"<figure id=\"attachment_6549\" aria-describedby=\"caption-attachment-6549\" style=\"width: 300px\" class=\"wp-caption alignleft\"><a href=\"http:\/\/www.ecuadoraldia.com.ec\/wp-content\/uploads\/2014\/12\/raulcastro.jpg\"><img loading=\"lazy\" decoding=\"async\" class=\"size-medium wp-image-6549\" src=\"http:\/\/www.ecuadoraldia.com.ec\/wp-content\/uploads\/2014\/12\/raulcastro-300x225.jpg\" alt=\"foto Cubanet.org\" width=\"300\" height=\"225\" srcset=\"https:\/\/www.ecuadoraldia.com.ec\/wp-content\/uploads\/2014\/12\/raulcastro-300x225.jpg 300w, https:\/\/www.ecuadoraldia.com.ec\/wp-content\/uploads\/2014\/12\/raulcastro.jpg 432w\" sizes=\"(max-width: 300px) 100vw, 300px\" \/><\/a><figcaption id=\"caption-attachment-6549\" class=\"wp-caption-text\">foto Cubanet.org<\/figcaption><\/figure>\n<p style=\"text-align: justify;\">AFP. El presidente cubano, Ra\u00fal Castro, anunci\u00f3 este mi\u00e9rcoles en una alocuci\u00f3n el restablecimiento de las relaciones diplom\u00e1ticas con Estados Unidos y el canje de prisioneros entre ambos pa\u00edses, tras las negociaciones realizadas al m\u00e1s alto nivel, \u201csin renunciar a uno solo de nuestros principios\u201d.<\/p>\n<p style=\"text-align: justify;\">Esta decisi\u00f3n, seg\u00fan el mandatario cubano, \u201ces resultado de un di\u00e1logo al m\u00e1s alto nivel que incluy\u00f3 una conversaci\u00f3n telef\u00f3nica que sostuve ayer con Barack Obama\u201d, se\u00f1al\u00f3.<\/p>\n<p style=\"text-align: justify;\">Mientras Cuba entreg\u00f3 al excontratista de la Agencia de Esstados Unidos para el Desarrollo (USAID), Alan Gross, el gobierno estadounidense permiti\u00f3 la excarcelaci\u00f3n de tres cubanos luchadores contra el terrorismo, condenados a penas extremas tras un juicio en La Florida.<\/p>\n<p style=\"text-align: justify;\">Gerardo Hern\u00e1ndez, Ram\u00f3n Laba\u00f1ino y Antonio Guerrero regresaron a la isla tras cumplir 16 a\u00f1os de arresto; el primero hab\u00eda sido sancionado a dos cadenas perpetuas m\u00e1s 15 a\u00f1os m\u00e1s, mientras Laba\u00f1ino y Guerrero deb\u00edan cumplir 30 a\u00f1os de privaci\u00f3n de libertad tras la resentencia.<\/p>\n<p style=\"text-align: justify;\">Ren\u00e9 Gonz\u00e1lez y Fernando Gonz\u00e1lez, otros dos del grupo conocido internacionalmente como Los Cinco, ya hab\u00edan retornado a su pa\u00eds tras cumplir la sentencia en su contra.<\/p>\n<p style=\"text-align: justify;\">Adem\u00e1s, Ra\u00fal Castro se refiri\u00f3, adem\u00e1s, a la devoluci\u00f3n de otro esp\u00eda estadounidense que permanec\u00eda preso en Cuba hac\u00eda m\u00e1s de 20 a\u00f1os cuya identificaci\u00f3n no hizo p\u00fablica y otros presos cubanos por quienes el gobierno estadounidense hab\u00eda mostrado particular inter\u00e9s.<\/p>\n<p style=\"text-align: justify;\">El dignatario se\u00f1al\u00f3 que la enorme alegr\u00eda se extiende en cientos de comit\u00e9s, gobiernos, parlamentos, organizaciones, instituciones y personalidades que durante estos 16 a\u00f1os reclamaron e hicieron denodados esfuerzos por su liberaci\u00f3n de Los Cinco.<\/p>\n<p style=\"text-align: justify;\">\u201cEsta decisi\u00f3n del presidente Obama merece el respeto y reconocimiento de nuestro pueblo\u201d, se\u00f1al\u00f3 y a continuaci\u00f3n agradeci\u00f3 al Vaticano y especialmente del Papa Francisco para el mejoramiento de las relaciones entre Cuba y Estados Unidos, y tambi\u00e9n al gobierno de Canad\u00e1 por facilitar el di\u00e1logo de alto nivel entre los dos pa\u00edses.<\/p>\n<p style=\"text-align: justify;\">Ra\u00fal Castro tambi\u00e9n inform\u00f3 que se acord\u00f3 el restablecimiento de las relaciones diplom\u00e1ticas, pero acot\u00f3 que \u201cesto no quiere decir que lo principal se haya resuelto\u201d.<\/p>\n<p style=\"text-align: justify;\">\u201cEl bloqueo comercial, y financiero enormes da\u00f1os y econ\u00f3micos a nuestro pa\u00eds debe cesar\u201d, afirm\u00f3 el presidente, quien expuso, adem\u00e1s, que el presidente estadounidense puede modificar esta situaci\u00f3n en uso de sus facultades ejecutivas.<\/p>\n<p style=\"text-align: justify;\">Propuso al gobierno de Estados Unidos adoptar medidas mutuas, para mejorar el clima bilateral, y avanzar hacia la normalidad, entre nuestros pa\u00edses, basados en los principios del derecho internacional y la carta de la ONU.<\/p>\n<p style=\"text-align: justify;\">Cuba reiter\u00f3 su disposici\u00f3n a sostener cooperaci\u00f3n en organismos multilaterales, como la ONU, y reafirm\u00f3 la voluntad de dialogar sobre los temas en los cuales poseen profundas diferencias como en materia de soberan\u00eda nacional, democracia, derechos humanos y pol\u00edtica exterior.<\/p>\n<p style=\"text-align: justify;\">\u201cExhorto al gobierno de Estados Unidos a remover los obst\u00e1culos que impiden o restringen los v\u00ednculos entre nuestros pa\u00edses\u201d, afirm\u00f3.<\/p>\n","protected":false},"excerpt":{"rendered":"<p>AFP. El presidente cubano, Ra\u00fal Castro, anunci\u00f3 este mi\u00e9rcoles en una alocuci\u00f3n el restablecimiento de las relaciones diplom\u00e1ticas con Estados<\/p>\n","protected":false},"author":1,"featured_media":0,"comment_status":"open","ping_status":"open","sticky":false,"template":"","format":"standard","meta":{"footnotes":""},"categories":[7],"tags":[],"_links":{"self":[{"href":"https:\/\/www.ecuadoraldia.com.ec\/index.php?rest_route=\/wp\/v2\/posts\/6548"}],"collection":[{"href":"https:\/\/www.ecuadoraldia.com.ec\/index.php?rest_route=\/wp\/v2\/posts"}],"about":[{"href":"https:\/\/www.ecuadoraldia.com.ec\/index.php?rest_route=\/wp\/v2\/types\/post"}],"author":[{"embeddable":true,"href":"https:\/\/www.ecuadoraldia.com.ec\/index.php?rest_route=\/wp\/v2\/users\/1"}],"replies":[{"embeddable":true,"href":"https:\/\/www.ecuadoraldia.com.ec\/index.php?rest_route=%2Fwp%2Fv2%2Fcomments&post=6548"}],"version-history":[{"count":1,"href":"https:\/\/www.ecuadoraldia.com.ec\/index.php?rest_route=\/wp\/v2\/posts\/6548\/revisions"}],"predecessor-version":[{"id":6550,"href":"https:\/\/www.ecuadoraldia.com.ec\/index.php?rest_route=\/wp\/v2\/posts\/6548\/revisions\/6550"}],"wp:attachment":[{"href":"https:\/\/www.ecuadoraldia.com.ec\/index.php?rest_route=%2Fwp%2Fv2%2Fmedia&parent=6548"}],"wp:term":[{"taxonomy":"category","embeddable":true,"href":"https:\/\/www.ecuadoraldia.com.ec\/index.php?rest_route=%2Fwp%2Fv2%2Fcategories&post=6548"},{"taxonomy":"post_tag","embeddable":true,"href":"https:\/\/www.ecuadoraldia.com.ec\/index.php?rest_route=%2Fwp%2Fv2%2Ftags&post=6548"}],"curies":[{"name":"wp","href":"https:\/\/api.w.org\/{rel}","templated":true}]}}