{"id":6551,"date":"2014-12-17T21:11:25","date_gmt":"2014-12-17T21:11:25","guid":{"rendered":"http:\/\/www.ecuadoraldia.com.ec\/?p=6551"},"modified":"2014-12-17T21:11:25","modified_gmt":"2014-12-17T21:11:25","slug":"alocucion-del-presidente-cubano-raul-castro","status":"publish","type":"post","link":"https:\/\/www.ecuadoraldia.com.ec\/?p=6551","title":{"rendered":"Alocuci\u00f3n del presidente cubano Ra\u00fal Castro"},"content":{"rendered":"<p><a href=\"http:\/\/www.ecuadoraldia.com.ec\/wp-content\/uploads\/2014\/12\/raul-castro-abc.es_.jpg\"><img loading=\"lazy\" decoding=\"async\" class=\"alignleft size-medium wp-image-6552\" src=\"http:\/\/www.ecuadoraldia.com.ec\/wp-content\/uploads\/2014\/12\/raul-castro-abc.es_-300x220.jpg\" alt=\"raul-castro- abc.es\" width=\"300\" height=\"220\" srcset=\"https:\/\/www.ecuadoraldia.com.ec\/wp-content\/uploads\/2014\/12\/raul-castro-abc.es_-300x220.jpg 300w, https:\/\/www.ecuadoraldia.com.ec\/wp-content\/uploads\/2014\/12\/raul-castro-abc.es_.jpg 453w\" sizes=\"(max-width: 300px) 100vw, 300px\" \/><\/a>El presidente cubano en comparecencia oficial anunci\u00f3 la llegada a la Patria de Gerardo, Antonio y Ram\u00f3n, as\u00ed como el restablecimiento de las relaciones diplom\u00e1ticas de Cuba y Estados Unidos<\/p>\n<p style=\"text-align: justify;\">Desde mi elecci\u00f3n como Presidente de los Consejos de Estado y de Ministros, he reiterado en m\u00faltiples ocasiones, nuestra disposici\u00f3n a sostener con el gobierno de los Estados Unidos un di\u00e1logo respetuoso, basado en la igualdad soberana, para tratar los m\u00e1s diversos temas de forma rec\u00edproca, sin menoscabo a la independencia nacional y la autodeterminaci\u00f3n de nuestro pueblo.<\/p>\n<p style=\"text-align: justify;\">Esta es una posici\u00f3n que fue expresada al Gobierno de Estados Unidos, de forma p\u00fablica y privada, por el compa\u00f1ero Fidel en diferentes momentos de nuestra larga lucha, con el planteamiento de discutir y resolver las diferencias mediante negociaciones, sin renunciar a uno solo de nuestros principios.<\/p>\n<p style=\"text-align: justify;\">El heroico pueblo cubano ha demostrado, frente a grandes peligros, agresiones, adversidades y sacrificios, que es y ser\u00e1 fiel a nuestros ideales de independencia y justicia social. Estrechamente unidos en estos 56 a\u00f1os de Revoluci\u00f3n, hemos guardado profunda lealtad a los que cayeron defendiendo esos principios desde el inicio de nuestras guerras de independencia en 1868.<\/p>\n<p style=\"text-align: justify;\">Ahora, llevamos adelante, pese a las dificultades, la actualizaci\u00f3n de nuestro modelo econ\u00f3mico para construir un socialismo pr\u00f3spero e sostenible.<\/p>\n<p style=\"text-align: justify;\">Resultado de un di\u00e1logo al m\u00e1s alto nivel, que incluy\u00f3 una conversaci\u00f3n telef\u00f3nica que sostuve ayer con el Presidente Barack Obama, se ha podido avanzar en la soluci\u00f3n de algunos temas de inter\u00e9s para ambas naciones.<\/p>\n<p style=\"text-align: justify;\">Como prometi\u00f3 Fidel, en junio del 2001, cuando dijo: \u00a1Volver\u00e1n!, arribaron hoy a nuestra Patria, Gerardo, Ram\u00f3n y Antonio.<\/p>\n<p style=\"text-align: justify;\">La enorme alegr\u00eda de sus familiares y de todo nuestro pueblo, que se moviliz\u00f3 infatigablemente con ese objetivo, se extiende entre los cientos de comit\u00e9s y grupos de solidaridad; los gobiernos, parlamentos, organizaciones, instituciones y personalidades que durante estos 16 a\u00f1os reclamaron e hicieron denodados esfuerzos por su liberaci\u00f3n. A todos ellos expresamos la m\u00e1s profunda gratitud y compromiso.<\/p>\n<p style=\"text-align: justify;\">Esta decisi\u00f3n del Presidente Obama, merece el respeto y reconocimiento de nuestro pueblo.<\/p>\n<p style=\"text-align: justify;\">Quiero agradecer y reconocer el apoyo del Vaticano, y especialmente, del Papa Francisco, al mejoramiento de las relaciones entre Cuba y Estados Unidos. Igualmente, al Gobierno de Canad\u00e1 por las facilidades creadas para la realizaci\u00f3n del di\u00e1logo de alto nivel entre los dos pa\u00edses.<\/p>\n<p style=\"text-align: justify;\">A su vez, decidimos excarcelar y enviar a Estados Unidos a un esp\u00eda de origen cubano que estuvo al servicio de esa naci\u00f3n.<\/p>\n<p style=\"text-align: justify;\">Por otra parte, basados en razones humanitarias, hoy tambi\u00e9n fue devuelto a su pa\u00eds el ciudadano norteamericano Alan Gross.<\/p>\n<p style=\"text-align: justify;\">De manera unilateral, como es nuestra pr\u00e1ctica y en estricto apego a nuestro ordenamiento legal, han recibido beneficios penales los reclusos correspondientes, incluida la excarcelaci\u00f3n de personas sobre las que el Gobierno de los Estados Unidos hab\u00eda mostrado inter\u00e9s.<\/p>\n<p style=\"text-align: justify;\">Igualmente, hemos acordado el restablecimiento de las relaciones diplom\u00e1ticas.<\/p>\n<p style=\"text-align: justify;\">Esto no quiere decir que lo principal se haya resuelto. El bloqueo econ\u00f3mico, comercial y financiero que provoca enormes da\u00f1os humanos y econ\u00f3micos a nuestro pa\u00eds debe cesar.<\/p>\n<p style=\"text-align: justify;\">Aunque las medidas del bloqueo han sido convertidas en Ley, el Presidente de los Estados Unidos puede modificar su aplicaci\u00f3n en uso de sus facultades ejecutivas.<\/p>\n<p style=\"text-align: justify;\">Proponemos al Gobierno de los Estados Unidos adoptar medidas mutuas para mejorar el clima bilateral y avanzar hacia la normalizaci\u00f3n de los v\u00ednculos entre nuestros pa\u00edses, basados en los principios del Derecho Internacional y la Carta de las Naciones Unidas.<\/p>\n<p style=\"text-align: justify;\">Cuba reitera su disposici\u00f3n a sostener cooperaci\u00f3n en los organismos multilaterales, como la Organizaci\u00f3n de Naciones Unidas.<\/p>\n<p style=\"text-align: justify;\">Al reconocer que tenemos profundas diferencias, fundamentalmente en materia de soberan\u00eda nacional, democracia, derechos humanos y pol\u00edtica exterior, reafirmo nuestra voluntad de dialogar sobre todos esos temas.<\/p>\n<p style=\"text-align: justify;\">Exhorto al Gobierno de los Estados Unidos a remover los obst\u00e1culos que impiden o restringen los v\u00ednculos entre nuestros pueblos, las familias y los ciudadanos de ambos pa\u00edses, en particular los relativos a los viajes, el correo postal directo y las telecomunicaciones.<\/p>\n<p style=\"text-align: justify;\">Los progresos alcanzados en los intercambios sostenidos demuestran que es posible encontrar soluci\u00f3n a muchos problemas.<\/p>\n<p style=\"text-align: justify;\">Como hemos repetido, debemos aprender el arte de convivir, de forma civilizada, con nuestras diferencias.<\/p>\n<p style=\"text-align: justify;\">Sobre estos importantes temas volveremos a hablar m\u00e1s adelante. Muchas gracias. (Gramma)<\/p>\n","protected":false},"excerpt":{"rendered":"<p>El presidente cubano en comparecencia oficial anunci\u00f3 la llegada a la Patria de Gerardo, Antonio y Ram\u00f3n, as\u00ed como el<\/p>\n","protected":false},"author":1,"featured_media":0,"comment_status":"open","ping_status":"open","sticky":false,"template":"","format":"standard","meta":{"footnotes":""},"categories":[7],"tags":[],"_links":{"self":[{"href":"https:\/\/www.ecuadoraldia.com.ec\/index.php?rest_route=\/wp\/v2\/posts\/6551"}],"collection":[{"href":"https:\/\/www.ecuadoraldia.com.ec\/index.php?rest_route=\/wp\/v2\/posts"}],"about":[{"href":"https:\/\/www.ecuadoraldia.com.ec\/index.php?rest_route=\/wp\/v2\/types\/post"}],"author":[{"embeddable":true,"href":"https:\/\/www.ecuadoraldia.com.ec\/index.php?rest_route=\/wp\/v2\/users\/1"}],"replies":[{"embeddable":true,"href":"https:\/\/www.ecuadoraldia.com.ec\/index.php?rest_route=%2Fwp%2Fv2%2Fcomments&post=6551"}],"version-history":[{"count":1,"href":"https:\/\/www.ecuadoraldia.com.ec\/index.php?rest_route=\/wp\/v2\/posts\/6551\/revisions"}],"predecessor-version":[{"id":6553,"href":"https:\/\/www.ecuadoraldia.com.ec\/index.php?rest_route=\/wp\/v2\/posts\/6551\/revisions\/6553"}],"wp:attachment":[{"href":"https:\/\/www.ecuadoraldia.com.ec\/index.php?rest_route=%2Fwp%2Fv2%2Fmedia&parent=6551"}],"wp:term":[{"taxonomy":"category","embeddable":true,"href":"https:\/\/www.ecuadoraldia.com.ec\/index.php?rest_route=%2Fwp%2Fv2%2Fcategories&post=6551"},{"taxonomy":"post_tag","embeddable":true,"href":"https:\/\/www.ecuadoraldia.com.ec\/index.php?rest_route=%2Fwp%2Fv2%2Ftags&post=6551"}],"curies":[{"name":"wp","href":"https:\/\/api.w.org\/{rel}","templated":true}]}}