{"id":6554,"date":"2014-12-17T21:17:20","date_gmt":"2014-12-17T21:17:20","guid":{"rendered":"http:\/\/www.ecuadoraldia.com.ec\/?p=6554"},"modified":"2014-12-17T22:14:14","modified_gmt":"2014-12-17T22:14:14","slug":"farc-declaran-cese-del-fuego-unilateral-por-tiempo-indefinido-en-colombia","status":"publish","type":"post","link":"https:\/\/www.ecuadoraldia.com.ec\/?p=6554","title":{"rendered":"FARC declaran cese del fuego unilateral por tiempo indefinido en Colombia"},"content":{"rendered":"<figure id=\"attachment_6555\" aria-describedby=\"caption-attachment-6555\" style=\"width: 300px\" class=\"wp-caption alignleft\"><a href=\"http:\/\/www.ecuadoraldia.com.ec\/wp-content\/uploads\/2014\/12\/farc-mundo.jpg\"><img loading=\"lazy\" decoding=\"async\" class=\"size-medium wp-image-6555\" src=\"http:\/\/www.ecuadoraldia.com.ec\/wp-content\/uploads\/2014\/12\/farc-mundo-300x193.jpg\" alt=\"Miembros del gobierno colombiano junto a elementos de la FARC en una ceremonia de conmemoraci\u00f3n por las v\u00edctimas del conflicto armado colombiado celebrado ayer en La Habana, Cuba. Foto: AFP\" width=\"300\" height=\"193\" srcset=\"https:\/\/www.ecuadoraldia.com.ec\/wp-content\/uploads\/2014\/12\/farc-mundo-300x193.jpg 300w, https:\/\/www.ecuadoraldia.com.ec\/wp-content\/uploads\/2014\/12\/farc-mundo.jpg 450w\" sizes=\"(max-width: 300px) 100vw, 300px\" \/><\/a><figcaption id=\"caption-attachment-6555\" class=\"wp-caption-text\">Miembros del gobierno colombiano junto a elementos de la FARC en una ceremonia de conmemoraci\u00f3n por las v\u00edctimas del conflicto armado colombiado celebrado ayer en La Habana, Cuba. Foto: AFP<\/figcaption><\/figure>\n<p style=\"text-align: justify;\">AFP. Las Fuerzas Armadas Revolucionarias de Colombia (FARC) anunciaron el cese al fuego y de hostilidades por tiempo indefinido, que entrar\u00e1 en vigor a las 00:01 del 20 de diciembre de 2014, si para la fecha se cuenta con la disposici\u00f3n de verificaci\u00f3n, de al menos una de las organizaciones mencionadas, seg\u00fan un comunicado de la guerrilla.<\/p>\n<p style=\"text-align: justify;\">\u00abEste cese de fuegos unilateral, que deseamos se prolongue en el tiempo, se dar\u00eda por terminado solamente si se constata que nuestras estructuras guerrilleras han sido objeto de ataques por parte de la fuerza p\u00fablica\u00bb, se\u00f1alan las FARC.<\/p>\n<p style=\"text-align: justify;\">\u00abEs nuestro anhelo que el pueblo soberano asuma tambi\u00e9n y de manera protag\u00f3nica esta veedur\u00eda, dado que con ella se busca el beneficio de la patria lacerada y un homenaje a las v\u00edctimas de ayer y de hoy\u00bb, agregan.<\/p>\n<p style=\"text-align: justify;\">Tambi\u00e9n afirman que la decisi\u00f3n est\u00e1 siendo comunicada formalmente al gobierno de Colombia, \u00aba embajadas y sedes diplom\u00e1ticas a nuestro alcance. Al Secretario General de la Organizaci\u00f3n de Naciones Unidas, ONU; a la Uni\u00f3n Europea; al Comit\u00e9 Internacional de la Cruz Roja, CICR; a la Uni\u00f3n de Naciones Suramericanas, UNASUR; a la CELAC; al Papa Francisco; a otras cabezas de credos reconocidos universalmente; al Centro Carter, y a ONG\u2019s de reconocimiento mundial\u00bb.<\/p>\n","protected":false},"excerpt":{"rendered":"<p>AFP. Las Fuerzas Armadas Revolucionarias de Colombia (FARC) anunciaron el cese al fuego y de hostilidades por tiempo indefinido, que<\/p>\n","protected":false},"author":1,"featured_media":0,"comment_status":"open","ping_status":"open","sticky":false,"template":"","format":"standard","meta":{"footnotes":""},"categories":[7],"tags":[],"_links":{"self":[{"href":"https:\/\/www.ecuadoraldia.com.ec\/index.php?rest_route=\/wp\/v2\/posts\/6554"}],"collection":[{"href":"https:\/\/www.ecuadoraldia.com.ec\/index.php?rest_route=\/wp\/v2\/posts"}],"about":[{"href":"https:\/\/www.ecuadoraldia.com.ec\/index.php?rest_route=\/wp\/v2\/types\/post"}],"author":[{"embeddable":true,"href":"https:\/\/www.ecuadoraldia.com.ec\/index.php?rest_route=\/wp\/v2\/users\/1"}],"replies":[{"embeddable":true,"href":"https:\/\/www.ecuadoraldia.com.ec\/index.php?rest_route=%2Fwp%2Fv2%2Fcomments&post=6554"}],"version-history":[{"count":1,"href":"https:\/\/www.ecuadoraldia.com.ec\/index.php?rest_route=\/wp\/v2\/posts\/6554\/revisions"}],"predecessor-version":[{"id":6556,"href":"https:\/\/www.ecuadoraldia.com.ec\/index.php?rest_route=\/wp\/v2\/posts\/6554\/revisions\/6556"}],"wp:attachment":[{"href":"https:\/\/www.ecuadoraldia.com.ec\/index.php?rest_route=%2Fwp%2Fv2%2Fmedia&parent=6554"}],"wp:term":[{"taxonomy":"category","embeddable":true,"href":"https:\/\/www.ecuadoraldia.com.ec\/index.php?rest_route=%2Fwp%2Fv2%2Fcategories&post=6554"},{"taxonomy":"post_tag","embeddable":true,"href":"https:\/\/www.ecuadoraldia.com.ec\/index.php?rest_route=%2Fwp%2Fv2%2Ftags&post=6554"}],"curies":[{"name":"wp","href":"https:\/\/api.w.org\/{rel}","templated":true}]}}