{"id":6557,"date":"2014-12-17T21:23:34","date_gmt":"2014-12-17T21:23:34","guid":{"rendered":"http:\/\/www.ecuadoraldia.com.ec\/?p=6557"},"modified":"2014-12-17T21:23:34","modified_gmt":"2014-12-17T21:23:34","slug":"america-latina-redujo-un-78-el-numero-de-ninos-nacidos-con-vih","status":"publish","type":"post","link":"https:\/\/www.ecuadoraldia.com.ec\/?p=6557","title":{"rendered":"Am\u00e9rica Latina redujo un 78 % el n\u00famero de ni\u00f1os nacidos con VIH"},"content":{"rendered":"<figure id=\"attachment_6558\" aria-describedby=\"caption-attachment-6558\" style=\"width: 300px\" class=\"wp-caption alignleft\"><a href=\"http:\/\/www.ecuadoraldia.com.ec\/wp-content\/uploads\/2014\/12\/embarazo_.jpg\"><img loading=\"lazy\" decoding=\"async\" class=\"size-medium wp-image-6558\" src=\"http:\/\/www.ecuadoraldia.com.ec\/wp-content\/uploads\/2014\/12\/embarazo_-300x180.jpg\" alt=\"93% de las embarazadas accedi\u00f3 a una o m\u00e1s consultas prenatales en 2013, seg\u00fan el informe de la OPS\/OMS\" width=\"300\" height=\"180\" srcset=\"https:\/\/www.ecuadoraldia.com.ec\/wp-content\/uploads\/2014\/12\/embarazo_-300x180.jpg 300w, https:\/\/www.ecuadoraldia.com.ec\/wp-content\/uploads\/2014\/12\/embarazo_.jpg 360w\" sizes=\"(max-width: 300px) 100vw, 300px\" \/><\/a><figcaption id=\"caption-attachment-6558\" class=\"wp-caption-text\">93% de las embarazadas accedi\u00f3 a una o m\u00e1s consultas prenatales en 2013, seg\u00fan el informe de la OPS\/OMS<\/figcaption><\/figure>\n<p style=\"text-align: justify;\">Washington 16 dic (Andes).- El n\u00famero de ni\u00f1os que nacen con VIH en Am\u00e9rica Latina y el Caribe se redujo 78% en promedio entre 2001 y 2013, destaca un nuevo informe de la Organizaci\u00f3n Panamericana de la Salud\/Organizaci\u00f3n Mundial de la Salud (OPS\/OMS) y del Fondo de las Naciones Unidas para la Infancia (Unicef), que da cuenta del estado de avance de los pa\u00edses de la regi\u00f3n por eliminar la transmisi\u00f3n de madre a hijo del VIH y la s\u00edfilis.<\/p>\n<p style=\"text-align: justify;\">Seg\u00fan el informe, en 2001 nacieron unos 10.700 ni\u00f1os con el virus, mientras que en 2013 esa cifra fue poco m\u00e1s de 2.300, lo que equivale a un 78% menos. Esos ni\u00f1os representan el 5% de los nacidos de madres con el virus.<\/p>\n<p style=\"text-align: justify;\">El objetivo de los pa\u00edses de la regi\u00f3n es reducir ese porcentaje a menos del 2% para 2015, lo que ya fue alcanzado por nueve de ellos: Anguila, Barbados, Canad\u00e1, Cuba, Estados Unidos, Jamaica, Montserrat, Puerto Rico y Saint Kitts y Nevis. El resto sigue en camino a conseguirlo.<\/p>\n<p style=\"text-align: justify;\">\u00abLograr que todos los ni\u00f1os de nuestra regi\u00f3n nazcan libres de VIH es posible y los pa\u00edses han avanzado en ese camino\u00bb, afirm\u00f3 Massimo Ghidinelli, jefe de la Unidad de VIH\/sida, infecciones de transmisi\u00f3n sexual y hepatitis de la OPS\/OMS.<\/p>\n<p style=\"text-align: justify;\">\u00abTodav\u00eda resta un \u00faltimo esfuerzo para lograr que el 100% de las embarazadas tengan acceso a servicios de salud sexual y reproductiva, incluyendo la prueba de detecci\u00f3n y el tratamiento antirretroviral que puede salvarles la vida y reducir las chances de transmitir el virus al beb\u00e9\u00bb, subray\u00f3.<\/p>\n<p style=\"text-align: justify;\">Para Chewe Luo, asesora principal en VIH de Unicef, la integraci\u00f3n del testeo para VIH en los sistemas de salud es otro de los \u00e9xitos de la regi\u00f3n y consider\u00f3 como un desaf\u00edo cerrar la brecha que separa a las adolescentes que lo necesitan, de los servicios de atenci\u00f3n prenatal.<\/p>\n<p style=\"text-align: justify;\">\u00abLas Am\u00e9ricas tiene sistemas de salud muy fuertes lo que ha contribuido a que muchas mujeres puedan acceder a las consultas de atenci\u00f3n prenatal, no una vez sino cuatro\u00bb, dijo.<\/p>\n<p style=\"text-align: justify;\">El comunicado agreg\u00f3 que los pa\u00edses registraron avances m\u00e1s tenues en la eliminaci\u00f3n de la transmisi\u00f3n materno infantil de la s\u00edfilis, la cual es prevenible si se identifica y trata en forma temprana y apropiada a las embarazadas infectadas.<\/p>\n<p style=\"text-align: justify;\">15 pa\u00edses y territorios de la regi\u00f3n habr\u00edan logrado que no m\u00e1s de un ni\u00f1o por cada 2.000 nacidos vivos nazca con la enfermedad, la meta propuesta para 2015.<\/p>\n<p style=\"text-align: justify;\">\n<p>&nbsp;<\/p>\n","protected":false},"excerpt":{"rendered":"<p>Washington 16 dic (Andes).- El n\u00famero de ni\u00f1os que nacen con VIH en Am\u00e9rica Latina y el Caribe se redujo<\/p>\n","protected":false},"author":1,"featured_media":0,"comment_status":"open","ping_status":"open","sticky":false,"template":"","format":"standard","meta":{"footnotes":""},"categories":[4],"tags":[],"_links":{"self":[{"href":"https:\/\/www.ecuadoraldia.com.ec\/index.php?rest_route=\/wp\/v2\/posts\/6557"}],"collection":[{"href":"https:\/\/www.ecuadoraldia.com.ec\/index.php?rest_route=\/wp\/v2\/posts"}],"about":[{"href":"https:\/\/www.ecuadoraldia.com.ec\/index.php?rest_route=\/wp\/v2\/types\/post"}],"author":[{"embeddable":true,"href":"https:\/\/www.ecuadoraldia.com.ec\/index.php?rest_route=\/wp\/v2\/users\/1"}],"replies":[{"embeddable":true,"href":"https:\/\/www.ecuadoraldia.com.ec\/index.php?rest_route=%2Fwp%2Fv2%2Fcomments&post=6557"}],"version-history":[{"count":1,"href":"https:\/\/www.ecuadoraldia.com.ec\/index.php?rest_route=\/wp\/v2\/posts\/6557\/revisions"}],"predecessor-version":[{"id":6559,"href":"https:\/\/www.ecuadoraldia.com.ec\/index.php?rest_route=\/wp\/v2\/posts\/6557\/revisions\/6559"}],"wp:attachment":[{"href":"https:\/\/www.ecuadoraldia.com.ec\/index.php?rest_route=%2Fwp%2Fv2%2Fmedia&parent=6557"}],"wp:term":[{"taxonomy":"category","embeddable":true,"href":"https:\/\/www.ecuadoraldia.com.ec\/index.php?rest_route=%2Fwp%2Fv2%2Fcategories&post=6557"},{"taxonomy":"post_tag","embeddable":true,"href":"https:\/\/www.ecuadoraldia.com.ec\/index.php?rest_route=%2Fwp%2Fv2%2Ftags&post=6557"}],"curies":[{"name":"wp","href":"https:\/\/api.w.org\/{rel}","templated":true}]}}