{"id":6560,"date":"2014-12-17T21:36:05","date_gmt":"2014-12-17T21:36:05","guid":{"rendered":"http:\/\/www.ecuadoraldia.com.ec\/?p=6560"},"modified":"2014-12-17T21:37:24","modified_gmt":"2014-12-17T21:37:24","slug":"intercambio-de-prisioneros-marca-una-nueva-etapa-en-vinculos-bilaterales-de-eeuu-y-cuba","status":"publish","type":"post","link":"https:\/\/www.ecuadoraldia.com.ec\/?p=6560","title":{"rendered":"Intercambio de prisioneros marca una nueva etapa en v\u00ednculos bilaterales de EEUU y Cuba"},"content":{"rendered":"<figure id=\"attachment_6561\" aria-describedby=\"caption-attachment-6561\" style=\"width: 300px\" class=\"wp-caption alignleft\"><a href=\"http:\/\/www.ecuadoraldia.com.ec\/wp-content\/uploads\/2014\/12\/liberados_cuba_eeuu.jpg\"><img loading=\"lazy\" decoding=\"async\" class=\"size-medium wp-image-6561\" src=\"http:\/\/www.ecuadoraldia.com.ec\/wp-content\/uploads\/2014\/12\/liberados_cuba_eeuu-300x158.jpg\" alt=\"Los gobiernos de Cuba y Estados Unidos acordaron restablecer sus relaciones diplom\u00e1ticas y canjearon presos pol\u00edticos, lo cual parece marcar una nueva etapa y un cambio de la pol\u00edtica norteamericana hacia la isla caribe\u00f1a.\" width=\"300\" height=\"158\" srcset=\"https:\/\/www.ecuadoraldia.com.ec\/wp-content\/uploads\/2014\/12\/liberados_cuba_eeuu-300x158.jpg 300w, https:\/\/www.ecuadoraldia.com.ec\/wp-content\/uploads\/2014\/12\/liberados_cuba_eeuu.jpg 580w\" sizes=\"(max-width: 300px) 100vw, 300px\" \/><\/a><figcaption id=\"caption-attachment-6561\" class=\"wp-caption-text\">Los gobiernos de Cuba y Estados Unidos acordaron restablecer sus relaciones diplom\u00e1ticas y canjearon presos pol\u00edticos, lo cual parece marcar una nueva etapa y un cambio de la pol\u00edtica norteamericana hacia la isla caribe\u00f1a.<\/figcaption><\/figure>\n<p style=\"text-align: justify;\">El intercambio de prisioneros este mi\u00e9rcoles entre los gobiernos de Estados Unidos y de Cuba y el anuncio de los presidentes Ra\u00fal Castro y Barack Obama en sendas alocuciones acerca del restablecimiento de las relaciones bilaterales, es una decisi\u00f3n hist\u00f3rica que deber\u00e1 marcar un cambio de la pol\u00edtica del pa\u00eds norte\u00f1o hacia la isla caribe\u00f1a.<\/p>\n<p style=\"text-align: justify;\">La informaci\u00f3n, que sorprendi\u00f3 a la opini\u00f3n p\u00fablica mundial este mi\u00e9rcoles, es vista como una posibilidad que se abre para las relaciones entre ambos pa\u00edses, marcadas por un diferendo que data de hace m\u00e1s medio siglo y un bloqueo contra La Habana prolongado desde la d\u00e9cada de los a\u00f1os 60 pasados.<\/p>\n<p style=\"text-align: justify;\">Para muchos, las palabras del entonces presidente cubano Fidel Castro en junio de 2001 respecto a los cinco cubanos presos en ese pa\u00eds cuando dijo \u201cs\u00f3lo les digo una cosa, volver\u00e1n\u201d, dejaron de ser una utop\u00eda para convertirse en una extra\u00f1a realidad dif\u00edcil de aceptar, incluso por los m\u00e1s optimistas.<\/p>\n<p style=\"text-align: justify;\">En 2001, el l\u00edder hist\u00f3rico de la Revoluci\u00f3n cubana hab\u00eda advertido en un discurso que para lograr su liberaci\u00f3n \u201cno pensamos en una batalla de meses, tal vez sea una batalla de a\u00f1os\u201d.<\/p>\n<p style=\"text-align: justify;\">Pero, qui\u00e9nes son Los Cinco y Alan Gross a los que ambos gobiernos han aceptado canjear despu\u00e9s de varios meses de negociaciones.<\/p>\n<p style=\"text-align: justify;\">Los Cinco, como se les conoce en el mundo entre los seguidores de su causa, liberados este martes por el gobierno de Estados Unidos, fueron enviados a Estados Unidos para vigilar las acciones de grupos anticubanos en La Florida con planes terroristas contra su pa\u00eds.<\/p>\n<p style=\"text-align: justify;\">Ren\u00e9 Gonz\u00e1lez y Fernando Gonz\u00e1lez cumplieron sus penas luego de una resentencia en una nueva vista, pero Antonio Guerrero, Ram\u00f3n Laba\u00f1ino y Gerardo Hern\u00e1ndez permanec\u00edan tras las rejas condenados a penas extremas, este \u00faltimo a dos cadenas perpetua, m\u00e1s 15 a\u00f1os de privaci\u00f3n de libertad.<\/p>\n<p style=\"text-align: justify;\">Contra Hern\u00e1ndez pes\u00f3 la acusaci\u00f3n m\u00e1s grave de \u201cconspiraci\u00f3n para cometer asesinato\u201d por el derribo de dos avionetas procedentes de territorio norteamericano que violaron el espacio a\u00e9reo cubano en 1996, a lo cual se aleg\u00f3 que no es posible sancionar a un individuo por una decisi\u00f3n soberana de un Estado como esa.<\/p>\n<p style=\"text-align: justify;\">Ellos hab\u00edan sido juzgados en un tribunal de Miami luego de una \u201ctormenta perfecta\u201d que ayud\u00f3 a crear la prensa en esa ciudad, seg\u00fan denuncias, la cual habr\u00eda sido pagada con el prop\u00f3sito de que los acusaran de \u201cesp\u00edas\u201d y fueran juzgados como tal.<\/p>\n<p style=\"text-align: justify;\">Sin embargo, en la Isla ellos fueron declarados H\u00e9roes de la Rep\u00fablica por haber proporcionado informaci\u00f3n para que su gobierno abortara actos criminales que organizan y ejecutan grupos anticubanos, que han contado con la anuencia de diversas administraciones en el Sal\u00f3n Oval.<\/p>\n<p style=\"text-align: justify;\">Cuba ha contabilizado como resultado de esas acciones criminales desde 1959 hasta la fecha la muerte de 3.478 personas, al tiempo que han causado incapacidad f\u00edsica a otras 2.099, en actos contra intereses cubanos dentro y fuera de la isla.<\/p>\n<p style=\"text-align: justify;\">En 1997, un ciudadano salvadore\u00f1o, Ra\u00fal Ernesto Cruz Le\u00f3n, hizo detonar varios explosivos en lugares p\u00fablicos en La Habana, causando la muerte del joven italiano Fabio Di Celmo, y una vez procesado se\u00f1al\u00f3 a Luis Posada Carriles como la persona que lo contratara para estas operaciones.<\/p>\n<p style=\"text-align: justify;\">Posada Carriles, sin embargo, se pasea por las calles de Miami sin que haya sido requerido por las autoridades de ese pa\u00eds. Este individuo es tambi\u00e9n el autor material de la voladura de una nave a\u00e9rea de Cubana de Aviaci\u00f3n en 1976 con 73 pasajeros a bordo, entre ellos varios ciudadanos extranjeros y miembros del equipo de esgrima que regresaba victorioso de unos juegos regionales.<\/p>\n<p style=\"text-align: justify;\">Precisamente Los Cinco ten\u00edan la misi\u00f3n de dar seguimiento a Posada Carriles y otros connotados terroristas de origen cubano radicados en La Florida para evitar m\u00e1s muertes en su pa\u00eds.<\/p>\n<p style=\"text-align: justify;\">Un editorial reciente del diario The New York Times se refiri\u00f3 a las incongruencias en el juicio contra ellos, arrestados desde septiembre de 1998 y privados de elementales derechos de una persona encarcelada como la visita de sus esposas, al menos en dos casos.<\/p>\n<p style=\"text-align: justify;\">Repecto al canje con los cubanos, el rotativo indic\u00f3 que la acci\u00f3n ser\u00eda justificable si se tiene en consideraci\u00f3n el largo per\u00edodo que han estado presos, las cr\u00edticas v\u00e1lidas que han surgido respecto a la integridad del proceso judicial que enfrentaron, y los posibles beneficios para lograr un acercamiento bilateral.<\/p>\n<p style=\"text-align: justify;\">Record\u00f3 que un panel de tres jueces del Juzgado de Apelaci\u00f3n del Distrito 11 revoc\u00f3 los fallos en agosto de 2005, habiendo determinado que un conjunto de factores impidieron que los acusados tuvieran un proceso justo.<\/p>\n<p style=\"text-align: justify;\">Seg\u00fan el editorial, tampoco el jurado pod\u00eda ser imparcial de este domingo, los jueces establecieron que, en vista de la enorme hostilidad contra el gobierno cubano en Miami, y de una cobertura period\u00edstica vilipendiando a los acusados, el jurado no pod\u00eda ser imparcial.<\/p>\n<p style=\"text-align: justify;\">Cita adem\u00e1s a la jueza Phyllis Kravitch, quien argument\u00f3 que la acusaci\u00f3n de conspiraci\u00f3n para cometer asesinato imputada contra Hern\u00e1ndez no ten\u00eda fundamentos, porque los fiscales no establecieron que \u00e9l le provey\u00f3 a La Habana informaci\u00f3n sobre los vuelos.<\/p>\n<p style=\"text-align: justify;\">El New York Times destaca tambi\u00e9n que entidades independientes, incluido un panel de Naciones Unidas que eval\u00faa detenciones arbitrarias, y otros organismos no gubernamentales, han sido cr\u00edticas del proceso judicial contra los cinco cubanos.<\/p>\n<p style=\"text-align: justify;\">\u00bfAlan Gross, contratista o agente?<\/p>\n<p style=\"text-align: justify;\">Alan Gross, de 65 a\u00f1os, es un \u201ccontratista\u201d de la USAID, una agencia de Estados Unidos para el Desarrollo, la que durante a\u00f1os se ha dedicado a destinar fondos para labores encubiertas en Am\u00e9rica Latina, seg\u00fan denuncias compartidas desde varias naciones latinoamericanas con gobiernos progresistas y de izquierda.<\/p>\n<p style=\"text-align: justify;\">Gross, a quien se libera por razones humanitarias, fue arrestado en Cuba bajo la acusaci\u00f3n de introducir aditamentos satelitales para realizar espionaje, aunque \u00e9l declar\u00f3 ser parte de un proyecto para expandir el acceso a internet en la isla y beneficiar a la comunidad jud\u00eda.<\/p>\n<p style=\"text-align: justify;\">Hab\u00eda sido condenado a 15 a\u00f1os de prisi\u00f3n tras ser apresado en diciembre de 2009, en el que era su quinto viaje al pa\u00eds caribe\u00f1o.<\/p>\n<p style=\"text-align: justify;\">Un editorial del diario estadounidense The New York Times, en noviembre pasado, admiti\u00f3 que Gross viaj\u00f3 a La Habana bajo la direcci\u00f3n de la empresa Development Alternatives Inc., que ten\u00eda un contrato con la USAID y, fingiendo ser un turista, transport\u00f3 furtivamente equipos de comunicaci\u00f3n.<\/p>\n<p style=\"text-align: justify;\">En ese mismo art\u00edculo el rotativo solicit\u00f3 al presidente Obama intercambiar al estadounidense por los tres cubanos antiterroristas de Los Cinco que guardaban prisi\u00f3n en Estados Unidos desde 1998.<\/p>\n<p style=\"text-align: justify;\">El escrito, titulado \u201cA Prisoner Swap With Cuba\u201d (Un canje de presos con Cuba), se\u00f1ala que el ciudadano estadounidense fue arrestado en La Habana a consecuencia de una estrategia irresponsable del gobierno de Estados Unidos y que \u00e9ste debe encontrar una soluci\u00f3n.<\/p>\n<p style=\"text-align: justify;\">\u00abUn canje podr\u00eda abrir el camino para reanudar lazos diplom\u00e1ticos, lo cual permitir\u00eda que Estados Unidos tuviera mayores oportunidades de fomentar cambios positivos en la isla mediante la expansi\u00f3n de comercio, turismo y mayor contacto entre cubanos y norteamericanos\u00bb, subraya el peri\u00f3dico neoyorquino.<\/p>\n<p style=\"text-align: justify;\">\u00abDe lo contrario -agrega-, se perpetuar\u00e1 la enemistad que ha reinado durante m\u00e1s de 50 a\u00f1os, continuando as\u00ed un ciclo de desconfianza entre ambos lados\u00bb.<\/p>\n<p style=\"text-align: justify;\">El editorial enfatiz\u00f3 que si no se alcanzaba una soluci\u00f3n al caso de Gross, la posibilidad de establecer una relaci\u00f3n m\u00e1s saludable con Cuba desaparecer\u00eda por varios a\u00f1os.(Andes)<\/p>\n<p>&nbsp;<\/p>\n<p>&nbsp;<\/p>\n","protected":false},"excerpt":{"rendered":"<p>El intercambio de prisioneros este mi\u00e9rcoles entre los gobiernos de Estados Unidos y de Cuba y el anuncio de los<\/p>\n","protected":false},"author":1,"featured_media":0,"comment_status":"open","ping_status":"open","sticky":false,"template":"","format":"standard","meta":{"footnotes":""},"categories":[8],"tags":[],"_links":{"self":[{"href":"https:\/\/www.ecuadoraldia.com.ec\/index.php?rest_route=\/wp\/v2\/posts\/6560"}],"collection":[{"href":"https:\/\/www.ecuadoraldia.com.ec\/index.php?rest_route=\/wp\/v2\/posts"}],"about":[{"href":"https:\/\/www.ecuadoraldia.com.ec\/index.php?rest_route=\/wp\/v2\/types\/post"}],"author":[{"embeddable":true,"href":"https:\/\/www.ecuadoraldia.com.ec\/index.php?rest_route=\/wp\/v2\/users\/1"}],"replies":[{"embeddable":true,"href":"https:\/\/www.ecuadoraldia.com.ec\/index.php?rest_route=%2Fwp%2Fv2%2Fcomments&post=6560"}],"version-history":[{"count":1,"href":"https:\/\/www.ecuadoraldia.com.ec\/index.php?rest_route=\/wp\/v2\/posts\/6560\/revisions"}],"predecessor-version":[{"id":6562,"href":"https:\/\/www.ecuadoraldia.com.ec\/index.php?rest_route=\/wp\/v2\/posts\/6560\/revisions\/6562"}],"wp:attachment":[{"href":"https:\/\/www.ecuadoraldia.com.ec\/index.php?rest_route=%2Fwp%2Fv2%2Fmedia&parent=6560"}],"wp:term":[{"taxonomy":"category","embeddable":true,"href":"https:\/\/www.ecuadoraldia.com.ec\/index.php?rest_route=%2Fwp%2Fv2%2Fcategories&post=6560"},{"taxonomy":"post_tag","embeddable":true,"href":"https:\/\/www.ecuadoraldia.com.ec\/index.php?rest_route=%2Fwp%2Fv2%2Ftags&post=6560"}],"curies":[{"name":"wp","href":"https:\/\/api.w.org\/{rel}","templated":true}]}}