{"id":6563,"date":"2014-12-17T21:52:39","date_gmt":"2014-12-17T21:52:39","guid":{"rendered":"http:\/\/www.ecuadoraldia.com.ec\/?p=6563"},"modified":"2014-12-17T22:15:31","modified_gmt":"2014-12-17T22:15:31","slug":"primer-debate-de-reduccion-de-impuestos-se-suspende-por-exabrupto-de-procurador-municipal","status":"publish","type":"post","link":"https:\/\/www.ecuadoraldia.com.ec\/?p=6563","title":{"rendered":"Primer debate de reducci\u00f3n de impuestos se suspende por exabrupto de procurador municipal"},"content":{"rendered":"<figure id=\"attachment_6564\" aria-describedby=\"caption-attachment-6564\" style=\"width: 300px\" class=\"wp-caption alignleft\"><a href=\"http:\/\/www.ecuadoraldia.com.ec\/wp-content\/uploads\/2014\/12\/concejo-metropolitano_-e1418854354973.jpg\"><img loading=\"lazy\" decoding=\"async\" class=\"wp-image-6564 size-medium\" src=\"http:\/\/www.ecuadoraldia.com.ec\/wp-content\/uploads\/2014\/12\/concejo-metropolitano_-e1418854354973-300x151.jpg\" alt=\"\" width=\"300\" height=\"151\" srcset=\"https:\/\/www.ecuadoraldia.com.ec\/wp-content\/uploads\/2014\/12\/concejo-metropolitano_-e1418854354973-300x151.jpg 300w, https:\/\/www.ecuadoraldia.com.ec\/wp-content\/uploads\/2014\/12\/concejo-metropolitano_-e1418854354973.jpg 447w\" sizes=\"(max-width: 300px) 100vw, 300px\" \/><\/a><figcaption id=\"caption-attachment-6564\" class=\"wp-caption-text\">El Concejo Metropolitano no culmin\u00f3 la sesi\u00f3n de an\u00e1lisis de los impuestos prediales. Foto: John Guevara\/ EL TEL\u00c9GRAFO<\/figcaption><\/figure>\n<p style=\"text-align: justify;\">La alcaldesa de Quito encargada, Daniela Chac\u00f3n, suspendi\u00f3 hoy el primer debate del proyecto de reducci\u00f3n de impuestos prediales luego de que la sesion se quedara sin qu\u00f3rum al cabo de dos horas de discusi\u00f3n.<\/p>\n<p style=\"text-align: justify;\">Esto porque los integrantes del bloque de concejales de Alianza PAIS (AP) abandonaran la sala en solidaridad con su colega Sergio Garnica, de la bancada SUMA-VIVE, af\u00edn al alcalde Mauricio Rodas.<\/p>\n<p style=\"text-align: justify;\">Los ediles de AP salieron luego de que el procurador s\u00edndico municipal (el abogado del Cabildo), R\u00f3mulo Garc\u00eda, respondiera indebidamente a una pregunta hecha por Garnica. Al iniciar su contestaci\u00f3n, Garc\u00eda recrimin\u00f3 al edil sobre unas frases atribuidas a este por su colega Jorge Alb\u00e1n (AP) durante una intervenci\u00f3n previa respecta a que la Procuradur\u00eda municipal \u00abse lava las manos en algunos asuntos\u00bb.<\/p>\n<p style=\"text-align: justify;\">El abogado del Municipio se\u00f1al\u00f3 que \u00abse debe saber de derecho para no decir semejantes estupideces\u00bb.<\/p>\n<p style=\"text-align: justify;\">Esto gener\u00f3 la protesta de los representantes de AP, quienes abandonaron la sala.<\/p>\n<p style=\"text-align: justify;\">Posteriormente, Jorge Alb\u00e1n critic\u00f3 la actitud del procurador y se\u00f1al\u00f3 que este ha mostrado poca capacidad profesional al tiempo de preguntarse qu\u00e9 hace el funcionario ocupando dicho cargo.<\/p>\n<p style=\"text-align: justify;\">Un comentario similar lo hizo su coideario y coordinador del bloque de PAIS Carlos P\u00e1ez, quien anticip\u00f3 que \u00e9l no asistir\u00e1 a las sesiones del Concejo mientras el actual procurador contin\u00fae en funciones. Y anticip\u00f3 que probablemente sus colegas de bancada adoptar\u00edan la misma actitud<\/p>\n<p style=\"text-align: justify;\">Garnica tambi\u00e9n rechaz\u00f3 las palabras del procurador en su contra y se\u00f1al\u00f3 que \u00e9l tampoco acudir\u00e1 a las sesiones en las que est\u00e9 presente el representante legal del Municipio.<\/p>\n<p style=\"text-align: justify;\">Esto genera problemas para el proyecto tributario del alcalde, pues el plazo para su aprobaci\u00f3n vence el 28 de diciembre. (Fuente TELEGRAFO)<\/p>\n<p>&nbsp;<\/p>\n","protected":false},"excerpt":{"rendered":"<p>La alcaldesa de Quito encargada, Daniela Chac\u00f3n, suspendi\u00f3 hoy el primer debate del proyecto de reducci\u00f3n de impuestos prediales luego<\/p>\n","protected":false},"author":1,"featured_media":0,"comment_status":"open","ping_status":"open","sticky":false,"template":"","format":"standard","meta":{"footnotes":""},"categories":[14,1],"tags":[],"_links":{"self":[{"href":"https:\/\/www.ecuadoraldia.com.ec\/index.php?rest_route=\/wp\/v2\/posts\/6563"}],"collection":[{"href":"https:\/\/www.ecuadoraldia.com.ec\/index.php?rest_route=\/wp\/v2\/posts"}],"about":[{"href":"https:\/\/www.ecuadoraldia.com.ec\/index.php?rest_route=\/wp\/v2\/types\/post"}],"author":[{"embeddable":true,"href":"https:\/\/www.ecuadoraldia.com.ec\/index.php?rest_route=\/wp\/v2\/users\/1"}],"replies":[{"embeddable":true,"href":"https:\/\/www.ecuadoraldia.com.ec\/index.php?rest_route=%2Fwp%2Fv2%2Fcomments&post=6563"}],"version-history":[{"count":2,"href":"https:\/\/www.ecuadoraldia.com.ec\/index.php?rest_route=\/wp\/v2\/posts\/6563\/revisions"}],"predecessor-version":[{"id":6569,"href":"https:\/\/www.ecuadoraldia.com.ec\/index.php?rest_route=\/wp\/v2\/posts\/6563\/revisions\/6569"}],"wp:attachment":[{"href":"https:\/\/www.ecuadoraldia.com.ec\/index.php?rest_route=%2Fwp%2Fv2%2Fmedia&parent=6563"}],"wp:term":[{"taxonomy":"category","embeddable":true,"href":"https:\/\/www.ecuadoraldia.com.ec\/index.php?rest_route=%2Fwp%2Fv2%2Fcategories&post=6563"},{"taxonomy":"post_tag","embeddable":true,"href":"https:\/\/www.ecuadoraldia.com.ec\/index.php?rest_route=%2Fwp%2Fv2%2Ftags&post=6563"}],"curies":[{"name":"wp","href":"https:\/\/api.w.org\/{rel}","templated":true}]}}