{"id":6566,"date":"2014-12-17T22:08:34","date_gmt":"2014-12-17T22:08:34","guid":{"rendered":"http:\/\/www.ecuadoraldia.com.ec\/?p=6566"},"modified":"2014-12-17T22:08:34","modified_gmt":"2014-12-17T22:08:34","slug":"pleno-del-cpccs-ratifica-nuevos-consejeros-del-cne","status":"publish","type":"post","link":"https:\/\/www.ecuadoraldia.com.ec\/?p=6566","title":{"rendered":"Pleno del Cpccs ratifica nuevos consejeros del CNE"},"content":{"rendered":"<figure id=\"attachment_6567\" aria-describedby=\"caption-attachment-6567\" style=\"width: 300px\" class=\"wp-caption alignleft\"><a href=\"http:\/\/www.ecuadoraldia.com.ec\/wp-content\/uploads\/2014\/12\/cne.jpg\"><img loading=\"lazy\" decoding=\"async\" class=\"size-medium wp-image-6567\" src=\"http:\/\/www.ecuadoraldia.com.ec\/wp-content\/uploads\/2014\/12\/cne-300x224.jpg\" alt=\"Las nuevas autoridades ser\u00e1n posesionadas en la Asamblea Nacional en los pr\u00f3ximos d\u00edas, una vez que la presidenta Gabriela Rivadeneira, fije una fecha y hora para este acto.\" width=\"300\" height=\"224\" srcset=\"https:\/\/www.ecuadoraldia.com.ec\/wp-content\/uploads\/2014\/12\/cne-300x224.jpg 300w, https:\/\/www.ecuadoraldia.com.ec\/wp-content\/uploads\/2014\/12\/cne.jpg 450w\" sizes=\"(max-width: 300px) 100vw, 300px\" \/><\/a><figcaption id=\"caption-attachment-6567\" class=\"wp-caption-text\">Las nuevas autoridades ser\u00e1n posesionadas en la Asamblea Nacional en los pr\u00f3ximos d\u00edas, una vez que la presidenta Gabriela Rivadeneira, fije una fecha y hora para este acto.<\/figcaption><\/figure>\n<p style=\"text-align: justify;\">Esta ma\u00f1ana, el pleno del Consejo de Participaci\u00f3n Ciudadana y Control Social (Cpccs) aprob\u00f3 el informe enviado por la Comisi\u00f3n Ciudadana de Selecci\u00f3n del proceso de renovaci\u00f3n parcial de los vocales del Consejo Nacional Electoral (CNE).<\/p>\n<p style=\"text-align: justify;\">El documento, fue aprobado por 5 votos y 2 abstenciones de los vocales Andrea Rivera y David Osero, donde se confirma a Carlos Tayupanta Noro\u00f1a y Gloria Toapanta L\u00f3pez como los nuevos consejeros que reemplazar\u00e1n al presidente del CNE, Domingo Paredes y Roxana Silva.<\/p>\n<p style=\"text-align: justify;\">Tayupanta y Toapanta superaron las fases del concurso al sacar 96 y 95 puntos respectivamente, entre la calificaci\u00f3n de m\u00e9ritos y examen de oposici\u00f3n. Sus suplentes ser\u00e1n Narda Solanda Goyes Quelal y M\u00f3nica Rodr\u00edguez Ayala, quienes segu\u00edan en el listado como mejor puntuadas con 88 y 87 puntos.<\/p>\n<p style=\"text-align: justify;\">La disposici\u00f3n transitoria tercera del C\u00f3digo de la Democracia dispone que al cumplirse el tercer a\u00f1o de designaci\u00f3n de los integrantes del CNE y Tribunal Contencioso Electoral (TCE), el Cpccs realizar\u00e1 un sorteo para determinar los primeros integrantes que deber\u00e1n ser reemplazados, seg\u00fan los art\u00edculos 218 y 220 de la Constituci\u00f3n.<\/p>\n<p style=\"text-align: justify;\">Las nuevas autoridades ser\u00e1n posesionadas en la Asamblea Nacional en los pr\u00f3ximos d\u00edas, una vez que la presidenta Gabriela Rivadeneira, fije una fecha y hora para este acto.<\/p>\n<p style=\"text-align: justify;\">Este proceso tuvo 2 acciones de protecci\u00f3n presentados por los aspirantes Solanda Goyes y Fausto Camacho, quienes manifestaron sentirse perjudicados en la valoraci\u00f3n de sus m\u00e9ritos.<\/p>\n<p style=\"text-align: justify;\">Tayupanta, economista de 55 a\u00f1os, se desempe\u00f1\u00f3 como asesor del actual presidente del CNE, Domingo Paredes.<\/p>\n<p style=\"text-align: justify;\">En tanto Toapanta, abogada de 37 a\u00f1os, fue jefa pol\u00edtica del cant\u00f3n Mej\u00eda en los \u00faltimos 5 a\u00f1os por encargo de Jos\u00e9 Serrano, ministro del Interior.\/Tel\u00e9grafo<\/p>\n","protected":false},"excerpt":{"rendered":"<p>Esta ma\u00f1ana, el pleno del Consejo de Participaci\u00f3n Ciudadana y Control Social (Cpccs) aprob\u00f3 el informe enviado por la Comisi\u00f3n<\/p>\n","protected":false},"author":1,"featured_media":0,"comment_status":"open","ping_status":"open","sticky":false,"template":"","format":"standard","meta":{"footnotes":""},"categories":[3],"tags":[],"_links":{"self":[{"href":"https:\/\/www.ecuadoraldia.com.ec\/index.php?rest_route=\/wp\/v2\/posts\/6566"}],"collection":[{"href":"https:\/\/www.ecuadoraldia.com.ec\/index.php?rest_route=\/wp\/v2\/posts"}],"about":[{"href":"https:\/\/www.ecuadoraldia.com.ec\/index.php?rest_route=\/wp\/v2\/types\/post"}],"author":[{"embeddable":true,"href":"https:\/\/www.ecuadoraldia.com.ec\/index.php?rest_route=\/wp\/v2\/users\/1"}],"replies":[{"embeddable":true,"href":"https:\/\/www.ecuadoraldia.com.ec\/index.php?rest_route=%2Fwp%2Fv2%2Fcomments&post=6566"}],"version-history":[{"count":1,"href":"https:\/\/www.ecuadoraldia.com.ec\/index.php?rest_route=\/wp\/v2\/posts\/6566\/revisions"}],"predecessor-version":[{"id":6568,"href":"https:\/\/www.ecuadoraldia.com.ec\/index.php?rest_route=\/wp\/v2\/posts\/6566\/revisions\/6568"}],"wp:attachment":[{"href":"https:\/\/www.ecuadoraldia.com.ec\/index.php?rest_route=%2Fwp%2Fv2%2Fmedia&parent=6566"}],"wp:term":[{"taxonomy":"category","embeddable":true,"href":"https:\/\/www.ecuadoraldia.com.ec\/index.php?rest_route=%2Fwp%2Fv2%2Fcategories&post=6566"},{"taxonomy":"post_tag","embeddable":true,"href":"https:\/\/www.ecuadoraldia.com.ec\/index.php?rest_route=%2Fwp%2Fv2%2Ftags&post=6566"}],"curies":[{"name":"wp","href":"https:\/\/api.w.org\/{rel}","templated":true}]}}