{"id":6570,"date":"2014-12-17T22:22:12","date_gmt":"2014-12-17T22:22:12","guid":{"rendered":"http:\/\/www.ecuadoraldia.com.ec\/?p=6570"},"modified":"2014-12-17T22:22:12","modified_gmt":"2014-12-17T22:22:12","slug":"en-diversos-foros-ecuador-ha-dicho-no-al-bloqueo-de-ee-uu-contra-cuba-y-ha-demandado-excarcelacion-de-los-cinco","status":"publish","type":"post","link":"https:\/\/www.ecuadoraldia.com.ec\/?p=6570","title":{"rendered":"En diversos foros, Ecuador ha dicho no al bloqueo de EE.UU. contra Cuba y ha demandado excarcelaci\u00f3n de Los Cinco"},"content":{"rendered":"<figure id=\"attachment_6572\" aria-describedby=\"caption-attachment-6572\" style=\"width: 300px\" class=\"wp-caption alignleft\"><a href=\"http:\/\/www.ecuadoraldia.com.ec\/wp-content\/uploads\/2014\/12\/correa_esmeraldas1.jpg\"><img loading=\"lazy\" decoding=\"async\" class=\"size-medium wp-image-6572\" src=\"http:\/\/www.ecuadoraldia.com.ec\/wp-content\/uploads\/2014\/12\/correa_esmeraldas1-300x206.jpg\" alt=\"El bloqueo a Cuba es criminal, ha reiterado el presidente Rafael Correa. Foto: Andes\/Archivo\" width=\"300\" height=\"206\" srcset=\"https:\/\/www.ecuadoraldia.com.ec\/wp-content\/uploads\/2014\/12\/correa_esmeraldas1-300x206.jpg 300w, https:\/\/www.ecuadoraldia.com.ec\/wp-content\/uploads\/2014\/12\/correa_esmeraldas1.jpg 437w\" sizes=\"(max-width: 300px) 100vw, 300px\" \/><\/a><figcaption id=\"caption-attachment-6572\" class=\"wp-caption-text\">El bloqueo a Cuba es criminal, ha reiterado el presidente Rafael Correa. Foto: Andes\/Archivo<\/figcaption><\/figure>\n<p style=\"text-align: justify;\">Quito, 17 dic (Andes).- El presidente ecuatoriano, Rafael Correa, ha sido un fiel defensor en diversos foros y tribunas del levantamiento del bloqueo que mantiene Estados Unidos contra Cuba por m\u00e1s de medio siglo y ha demandado la excarcelaci\u00f3n de Los Cinco cubanos luchadores contra el terrorismo que permanec\u00edan hasta este mi\u00e9rcoles estuvieron presos en el pa\u00eds norte\u00f1o.<\/p>\n<p style=\"text-align: justify;\">La posici\u00f3n de Ecuador respecto al bloqueo se ha ratificado en las votaciones de la ONU al firmar la resoluci\u00f3n cubana sobre la necesidad de poner fin al cerco contra la isla, mientras el presidente Correa se ha pronunciado por la libertad de los presos que este mi\u00e9rcoles retornaron a la isla en un canje bilateral de prisioneros.<\/p>\n<p style=\"text-align: justify;\">Tras el anuncio este mi\u00e9rcoles de los presidentes de Cuba, Ra\u00fal Castro, y de su par estadounidense, Barack Obama, del restablecimiento de los v\u00ednculos diplom\u00e1ticos y la entrega de prisioneros, el gobierno de Ecuador por intermedio de su canciller, Ricardo Pati\u00f1o, se congratul\u00f3 de esta decisi\u00f3n.<\/p>\n<p style=\"text-align: justify;\">A\u00fan cuando Washington no pone fin al cerco contra la isla, el anuncio del reinicio de sus v\u00ednculos es visto aqu\u00ed como un punto que podr\u00eda marcar el camino hacia el fin de las medidas coercitivas contra la isla, sobre lo cual Obama dijo que va a presentar el tema para debatir ante el Congreso en aras de un cambio de la pol\u00edtica hacia la naci\u00f3n antillana.<\/p>\n<p style=\"text-align: justify;\">Entre los momentos m\u00e1s significativos respecto a la posici\u00f3n ecuatoriana, el presidente Correa se opuso en 2012 a asistir a la Cumbre de las Am\u00e9ricas en Cartagena de Indias, Colombia, ante la ausencia de Cuba.<\/p>\n<p style=\"text-align: justify;\">M\u00e1s recientemente, en ocasi\u00f3n del D\u00eda Internacional de los Derechos Humanos, el 10 de diciembre, el mandatario public\u00f3 en su cuenta de Twitter, que \u201cel criminal bloqueo econ\u00f3mico que mantiene EE.UU. contra Cuba es el peor atentado a los derechos humanos en el continente\u201d.<\/p>\n<p style=\"text-align: justify;\">El mandatario se\u00f1al\u00f3 que, sin embargo, Washington, es la sede de la Comisi\u00f3n Interamericana de Derechos Humanos (CIDH), cuando ese pa\u00eds no ha ratificado ning\u00fan convenio sobre derechos humanos y llam\u00f3 a reflexionar sobre estas contradicciones.<\/p>\n<p style=\"text-align: justify;\">Tras su regreso a Quito procedente de M\u00e9xico, a donde acudi\u00f3 a la Cumbre Iberoamericana, el mandatario resalt\u00f3 que su pa\u00eds es uno de los siete, entre 34, que han firmado todos los instrumentos interamericanos de derechos humanos, y reiter\u00f3 su calificativo para las medidas estadounidenses hacia La Habana.<\/p>\n<p style=\"text-align: justify;\">En 2012, en una entrevista con la CNN, Correa llam\u00f3 a EE.UU. a dar un primer paso y levantar bloqueo contra Cuba y consider\u00f3 que es imposible seguir sosteniendo la Cumbre de las Am\u00e9ricas sin pa\u00edses americanos, en alusi\u00f3n a la ausencia de la isla en ese foro.<\/p>\n<p style=\"text-align: justify;\">\u201cLo que s\u00ed es claro, que es un atropello al derecho internacional, a los derechos humanos, a la soberan\u00eda de Cuba, condenado decenas de veces por las Naciones Unidas, por la inmensa mayor\u00eda de las naciones, es ese bloqueo criminal (por parte) de la econom\u00eda m\u00e1s grande del mundo, por casi medio siglo ya, a Cuba. Eso si es concreto, evidente, urgente, entonces, creo que el primer paso es levantar ese bloque criminal\u201d, recalc\u00f3.<\/p>\n<p style=\"text-align: justify;\">En julio de 2013, la canciller\u00eda ecuatoriana reiter\u00f3 la condena de su titular, en nombre del Presidente Rafael Correa y del pueblo de este pa\u00eds andino, al bloqueo a Cuba, en ocasi\u00f3n del aniversario 60 del Asalto al Cuartel Moncada.<\/p>\n<p style=\"text-align: justify;\">\u00abSeguimos y apoyamos sus luchas y sus sue\u00f1os, condenamos el innegable, inhumano y criminal bloqueo perpetrado por la potencia m\u00e1s poderosa del mundo contra este pueblo hermano querido\u00bb, expres\u00f3 el canciller Ricardo Pati\u00f1o en Santiago de Cuba.<\/p>\n<p style=\"text-align: justify;\">Pati\u00f1o se\u00f1al\u00f3, a nombre de su gobierno, que el mayor consenso que se ha tenido en las \u00faltimas d\u00e9cadas en las Naciones Unidas, ha sido en contra del bloqueo a Cuba.<\/p>\n<p style=\"text-align: justify;\">En la declaraci\u00f3n final de la XIII Cumbre del ALBA-TCP, realizada en la \u00faltima semana, las naciones pertenecientes a ese bloque, entre estas Ecuador, abogaron por el fin del bloqueo econ\u00f3mico que Estados Unidos tiene impuesto contra Cuba.<\/p>\n<p>&nbsp;<\/p>\n<p>&nbsp;<\/p>\n<p>&nbsp;<\/p>\n<p>&nbsp;<\/p>\n<p>&nbsp;<\/p>\n","protected":false},"excerpt":{"rendered":"<p>Quito, 17 dic (Andes).- El presidente ecuatoriano, Rafael Correa, ha sido un fiel defensor en diversos foros y tribunas del<\/p>\n","protected":false},"author":1,"featured_media":0,"comment_status":"open","ping_status":"open","sticky":false,"template":"","format":"standard","meta":{"footnotes":""},"categories":[3],"tags":[],"_links":{"self":[{"href":"https:\/\/www.ecuadoraldia.com.ec\/index.php?rest_route=\/wp\/v2\/posts\/6570"}],"collection":[{"href":"https:\/\/www.ecuadoraldia.com.ec\/index.php?rest_route=\/wp\/v2\/posts"}],"about":[{"href":"https:\/\/www.ecuadoraldia.com.ec\/index.php?rest_route=\/wp\/v2\/types\/post"}],"author":[{"embeddable":true,"href":"https:\/\/www.ecuadoraldia.com.ec\/index.php?rest_route=\/wp\/v2\/users\/1"}],"replies":[{"embeddable":true,"href":"https:\/\/www.ecuadoraldia.com.ec\/index.php?rest_route=%2Fwp%2Fv2%2Fcomments&post=6570"}],"version-history":[{"count":1,"href":"https:\/\/www.ecuadoraldia.com.ec\/index.php?rest_route=\/wp\/v2\/posts\/6570\/revisions"}],"predecessor-version":[{"id":6573,"href":"https:\/\/www.ecuadoraldia.com.ec\/index.php?rest_route=\/wp\/v2\/posts\/6570\/revisions\/6573"}],"wp:attachment":[{"href":"https:\/\/www.ecuadoraldia.com.ec\/index.php?rest_route=%2Fwp%2Fv2%2Fmedia&parent=6570"}],"wp:term":[{"taxonomy":"category","embeddable":true,"href":"https:\/\/www.ecuadoraldia.com.ec\/index.php?rest_route=%2Fwp%2Fv2%2Fcategories&post=6570"},{"taxonomy":"post_tag","embeddable":true,"href":"https:\/\/www.ecuadoraldia.com.ec\/index.php?rest_route=%2Fwp%2Fv2%2Ftags&post=6570"}],"curies":[{"name":"wp","href":"https:\/\/api.w.org\/{rel}","templated":true}]}}