{"id":6574,"date":"2014-12-17T22:28:42","date_gmt":"2014-12-17T22:28:42","guid":{"rendered":"http:\/\/www.ecuadoraldia.com.ec\/?p=6574"},"modified":"2014-12-17T22:28:42","modified_gmt":"2014-12-17T22:28:42","slug":"fiscalia-abrio-indagacion-previa-por-accidente-en-coca-codo-sinclair","status":"publish","type":"post","link":"https:\/\/www.ecuadoraldia.com.ec\/?p=6574","title":{"rendered":"Fiscal\u00eda abri\u00f3 indagaci\u00f3n previa por accidente en Coca-Codo Sinclair"},"content":{"rendered":"<figure id=\"attachment_6575\" aria-describedby=\"caption-attachment-6575\" style=\"width: 299px\" class=\"wp-caption alignleft\"><a href=\"http:\/\/www.ecuadoraldia.com.ec\/wp-content\/uploads\/2014\/12\/galo-chi.jpg\"><img loading=\"lazy\" decoding=\"async\" class=\"size-full wp-image-6575\" src=\"http:\/\/www.ecuadoraldia.com.ec\/wp-content\/uploads\/2014\/12\/galo-chi.jpg\" alt=\"foto internet\" width=\"299\" height=\"169\" \/><\/a><figcaption id=\"caption-attachment-6575\" class=\"wp-caption-text\">foto internet<\/figcaption><\/figure>\n<p style=\"text-align: justify;\">En las pr\u00f3ximas horas, Galo Chiriboga, fiscal General del Estado, se reunir\u00e1 con los representantes de la empresa Sinohydro que ejecuta la construcci\u00f3n de la hidroel\u00e9ctrica Coca Codo Sinclair.<\/p>\n<p style=\"text-align: justify;\">En la reuni\u00f3n que tendr\u00e1 el car\u00e1cter de \u00abreservada\u00bb se obtendr\u00e1 mayor informaci\u00f3n sobre las causas del deslizamiento de tierra y posterior inundaci\u00f3n del s\u00e1bado en la tuber\u00eda de presi\u00f3n 1 de la casa de m\u00e1quinas del proyecto, que dej\u00f3 sin vida a 13 personas, entre ellas 3 ciudadanos chinos.<\/p>\n<p style=\"text-align: justify;\">Chiriboga explic\u00f3 que es un hecho que debe ser investigado a profundidad, aunque reconoci\u00f3 que esta tragedia no tuvo una intencionalidad dolosa (delito).<\/p>\n<p style=\"text-align: justify;\">\u00abEl pa\u00eds tiene que saber por qu\u00e9 se produjo ese percance. Obviamente no hay una intenci\u00f3n dolosa para producir un incidente de esta naturaleza, pero tenemos que ver si se han respetado los protocolos, si los materiales usados eran los adecuados\u201d, se\u00f1al\u00f3.<\/p>\n<p style=\"text-align: justify;\">El caso se encuentra en indagaci\u00f3n previa, por lo que no es posible conocer las experticias que cumplen los agentes. Sin embargo, personal de la instituci\u00f3n detall\u00f3 las primeras actividades que se han cumplido hasta el momento.<\/p>\n<p style=\"text-align: justify;\">La participaci\u00f3n de la Fiscal\u00eda se inici\u00f3 el 13 de diciembre. Ren\u00e9 Castillo, fiscal de turno, tom\u00f3 procedimiento. En el lugar (Casa de M\u00e1quina de la obra), con apoyo log\u00edstico del alcalde del cant\u00f3n, Vinicio Vega, se levantaron carpas improvisadas y para realizar las autopsias respectivas.<\/p>\n<p style=\"text-align: justify;\">El fiscal Castillo pidi\u00f3 apoyo a los fiscales provinciales de Orellana y Napo para que colaboren con peritos m\u00e9dicos legistas, ya que la provincia se contaba con un solo especialista.(El telegrafo)<\/p>\n<p style=\"text-align: justify;\">\n<p>&nbsp;<\/p>\n<p>&nbsp;<\/p>\n","protected":false},"excerpt":{"rendered":"<p>En las pr\u00f3ximas horas, Galo Chiriboga, fiscal General del Estado, se reunir\u00e1 con los representantes de la empresa Sinohydro que<\/p>\n","protected":false},"author":1,"featured_media":0,"comment_status":"open","ping_status":"open","sticky":false,"template":"","format":"standard","meta":{"footnotes":""},"categories":[5],"tags":[],"_links":{"self":[{"href":"https:\/\/www.ecuadoraldia.com.ec\/index.php?rest_route=\/wp\/v2\/posts\/6574"}],"collection":[{"href":"https:\/\/www.ecuadoraldia.com.ec\/index.php?rest_route=\/wp\/v2\/posts"}],"about":[{"href":"https:\/\/www.ecuadoraldia.com.ec\/index.php?rest_route=\/wp\/v2\/types\/post"}],"author":[{"embeddable":true,"href":"https:\/\/www.ecuadoraldia.com.ec\/index.php?rest_route=\/wp\/v2\/users\/1"}],"replies":[{"embeddable":true,"href":"https:\/\/www.ecuadoraldia.com.ec\/index.php?rest_route=%2Fwp%2Fv2%2Fcomments&post=6574"}],"version-history":[{"count":1,"href":"https:\/\/www.ecuadoraldia.com.ec\/index.php?rest_route=\/wp\/v2\/posts\/6574\/revisions"}],"predecessor-version":[{"id":6576,"href":"https:\/\/www.ecuadoraldia.com.ec\/index.php?rest_route=\/wp\/v2\/posts\/6574\/revisions\/6576"}],"wp:attachment":[{"href":"https:\/\/www.ecuadoraldia.com.ec\/index.php?rest_route=%2Fwp%2Fv2%2Fmedia&parent=6574"}],"wp:term":[{"taxonomy":"category","embeddable":true,"href":"https:\/\/www.ecuadoraldia.com.ec\/index.php?rest_route=%2Fwp%2Fv2%2Fcategories&post=6574"},{"taxonomy":"post_tag","embeddable":true,"href":"https:\/\/www.ecuadoraldia.com.ec\/index.php?rest_route=%2Fwp%2Fv2%2Ftags&post=6574"}],"curies":[{"name":"wp","href":"https:\/\/api.w.org\/{rel}","templated":true}]}}