{"id":6577,"date":"2014-12-17T22:37:37","date_gmt":"2014-12-17T22:37:37","guid":{"rendered":"http:\/\/www.ecuadoraldia.com.ec\/?p=6577"},"modified":"2014-12-17T22:37:37","modified_gmt":"2014-12-17T22:37:37","slug":"brasil-asumio-la-presidencia-del-mercosur","status":"publish","type":"post","link":"https:\/\/www.ecuadoraldia.com.ec\/?p=6577","title":{"rendered":"Brasil asumi\u00f3 la presidencia del Mercosur"},"content":{"rendered":"<figure id=\"attachment_6578\" aria-describedby=\"caption-attachment-6578\" style=\"width: 300px\" class=\"wp-caption alignleft\"><a href=\"http:\/\/www.ecuadoraldia.com.ec\/wp-content\/uploads\/2014\/12\/mercosur_a.jpg\"><img loading=\"lazy\" decoding=\"async\" class=\"size-medium wp-image-6578\" src=\"http:\/\/www.ecuadoraldia.com.ec\/wp-content\/uploads\/2014\/12\/mercosur_a-300x210.jpg\" alt=\"La presidenta de Brasil pidi\u00f3 la integraci\u00f3n del bloque. Foto: AFP\" width=\"300\" height=\"210\" srcset=\"https:\/\/www.ecuadoraldia.com.ec\/wp-content\/uploads\/2014\/12\/mercosur_a-300x210.jpg 300w, https:\/\/www.ecuadoraldia.com.ec\/wp-content\/uploads\/2014\/12\/mercosur_a.jpg 450w\" sizes=\"(max-width: 300px) 100vw, 300px\" \/><\/a><figcaption id=\"caption-attachment-6578\" class=\"wp-caption-text\">La presidenta de Brasil pidi\u00f3 la integraci\u00f3n del bloque. Foto: AFP<\/figcaption><\/figure>\n<p style=\"text-align: justify;\">Agencias AFP y Prensa Latina. La presidenta de Brasil, Dilma Rousseff, recibi\u00f3 hoy la presidencia del Mercado Com\u00fan del Sur (Mercosur). El encuentro se realiza en la ciudad argentina de Paran\u00e1, en donde los pa\u00edses del bloque reafirmaron su voluntad de integraci\u00f3n al resto de Latinoam\u00e9rica, Asia y Europa como salida a las crisis.<\/p>\n<p style=\"text-align: justify;\">El Mercosur, cuarto bloque econ\u00f3mico mundial, se propone crear una \u00abciudadan\u00eda mercosuriana\u00bb al estilo europeo y condenar las agresiones de los grupos financieros especulativos conocidos en los mercados como \u00abfondos buitre\u00bb, seg\u00fan aprobaron los cancilleres el martes.<\/p>\n<p style=\"text-align: justify;\">Rousseff pidi\u00f3 a los pa\u00edses \u00abduplicar la apuesta\u00bb por la integraci\u00f3n para enfrentar los efectos de la crisis en el precio del petr\u00f3leo.<br \/>\nLa baja de valores del crudo va a afectar nuestras econom\u00edas, en forma diferenciada a cada una, pero las va a afectar\u00bb, dijo la mandataria en la 47 Cumbre del bloque, que se desarrolla a 500 Km al norte de Buenos Aires.<\/p>\n<p style=\"text-align: justify;\">Rousseff dijo que \u00abhoy mi\u00e9rcoles el precio del crudo est\u00e1 entre 54 y 58 d\u00f3lares el barril\u00bb y \u00ablos efectos se van a sentir\u00bb en una regi\u00f3n en la que son fuertes los ingresos por materias primas exportables (commodities), que pueden ser arrastradas tambi\u00e9n a la baja.<\/p>\n<p style=\"text-align: justify;\">Se\u00f1al\u00f3 que en la presidencia pro t\u00e9mpore brasile\u00f1a \u00abse va a avanzar en un acuerdo con la Uni\u00f3n Europea\u00bb.<\/p>\n<p style=\"text-align: justify;\">\u00abHicimos nuestra propuesta a la UE, estamos esperando la respuesta\u00bb, indic\u00f3.<\/p>\n<p style=\"text-align: justify;\">La mandataria traz\u00f3 un diagn\u00f3stico por las dificultades creadas en el comercio global, que cay\u00f3 \u00abcon fuerza\u00bb en los \u00faltimos a\u00f1os, seg\u00fan la Organizaci\u00f3n Mundial de Comercio (OMC).<\/p>\n<p style=\"text-align: justify;\">Destac\u00f3 el proyecto regional que \u00abpermitir\u00e1 la integraci\u00f3n de la industria del juguete\u00bb y salud\u00f3 la iniciativa de \u00abestablecer una sola patente o placa para veh\u00edculos del Mercosur\u00bb.<\/p>\n<p style=\"text-align: justify;\">En un momento gir\u00f3 la mirada hacia la presidenta Cristina Kirchner y le dijo que se mantiene el respaldo \u00aba una soluci\u00f3n justa en la lucha contra los fondos buitres que amenazan la reestructuraci\u00f3n de la deuda soberana argentina\u00bb.<\/p>\n<p style=\"text-align: justify;\">\u00abEsta lucha tiene el apoyo de Naciones Unidas, el Grupo BRICS (emergentes) y el Grupo de los 20 (desarrollados y no desarrollados). No podemos aceptar que se pongan en riesgo todas las reestructuraciones soberanas\u00bb, dijo sobre la batalla judicial de Buenos Aires en Estados Unidos contra fondos especulativos que intentan cobrar el 100% de una deuda en default, en efectivo.<\/p>\n<p style=\"text-align: justify;\">Rousseff se comprometi\u00f3 al \u00abperfeccionamiento de las instituciones, como el fondo FOCEM de ayuda financiera\u00bb a pa\u00edses m\u00e1s peque\u00f1os del bloque, que atraviesa una etapa de trabas al comercio.<\/p>\n","protected":false},"excerpt":{"rendered":"<p>Agencias AFP y Prensa Latina. La presidenta de Brasil, Dilma Rousseff, recibi\u00f3 hoy la presidencia del Mercado Com\u00fan del Sur<\/p>\n","protected":false},"author":1,"featured_media":0,"comment_status":"open","ping_status":"open","sticky":false,"template":"","format":"standard","meta":{"footnotes":""},"categories":[7],"tags":[],"_links":{"self":[{"href":"https:\/\/www.ecuadoraldia.com.ec\/index.php?rest_route=\/wp\/v2\/posts\/6577"}],"collection":[{"href":"https:\/\/www.ecuadoraldia.com.ec\/index.php?rest_route=\/wp\/v2\/posts"}],"about":[{"href":"https:\/\/www.ecuadoraldia.com.ec\/index.php?rest_route=\/wp\/v2\/types\/post"}],"author":[{"embeddable":true,"href":"https:\/\/www.ecuadoraldia.com.ec\/index.php?rest_route=\/wp\/v2\/users\/1"}],"replies":[{"embeddable":true,"href":"https:\/\/www.ecuadoraldia.com.ec\/index.php?rest_route=%2Fwp%2Fv2%2Fcomments&post=6577"}],"version-history":[{"count":1,"href":"https:\/\/www.ecuadoraldia.com.ec\/index.php?rest_route=\/wp\/v2\/posts\/6577\/revisions"}],"predecessor-version":[{"id":6579,"href":"https:\/\/www.ecuadoraldia.com.ec\/index.php?rest_route=\/wp\/v2\/posts\/6577\/revisions\/6579"}],"wp:attachment":[{"href":"https:\/\/www.ecuadoraldia.com.ec\/index.php?rest_route=%2Fwp%2Fv2%2Fmedia&parent=6577"}],"wp:term":[{"taxonomy":"category","embeddable":true,"href":"https:\/\/www.ecuadoraldia.com.ec\/index.php?rest_route=%2Fwp%2Fv2%2Fcategories&post=6577"},{"taxonomy":"post_tag","embeddable":true,"href":"https:\/\/www.ecuadoraldia.com.ec\/index.php?rest_route=%2Fwp%2Fv2%2Ftags&post=6577"}],"curies":[{"name":"wp","href":"https:\/\/api.w.org\/{rel}","templated":true}]}}