{"id":6580,"date":"2014-12-17T22:46:14","date_gmt":"2014-12-17T22:46:14","guid":{"rendered":"http:\/\/www.ecuadoraldia.com.ec\/?p=6580"},"modified":"2014-12-17T22:46:14","modified_gmt":"2014-12-17T22:46:14","slug":"ecuador-condena-el-demencial-y-aberrante-ataque-contra-escuela-en-pakistan","status":"publish","type":"post","link":"https:\/\/www.ecuadoraldia.com.ec\/?p=6580","title":{"rendered":"Ecuador condena el \u00abdemencial y aberrante\u00bb ataque contra escuela en Pakist\u00e1n"},"content":{"rendered":"<p style=\"text-align: justify;\"><a href=\"http:\/\/www.ecuadoraldia.com.ec\/wp-content\/uploads\/2014\/12\/TERROR-PAKISTAN.jpg\"><img loading=\"lazy\" decoding=\"async\" class=\"alignleft size-medium wp-image-6581\" src=\"http:\/\/www.ecuadoraldia.com.ec\/wp-content\/uploads\/2014\/12\/TERROR-PAKISTAN-300x199.jpg\" alt=\"TERROR-PAKISTAN\" width=\"300\" height=\"199\" srcset=\"https:\/\/www.ecuadoraldia.com.ec\/wp-content\/uploads\/2014\/12\/TERROR-PAKISTAN-300x199.jpg 300w, https:\/\/www.ecuadoraldia.com.ec\/wp-content\/uploads\/2014\/12\/TERROR-PAKISTAN.jpg 450w\" sizes=\"(max-width: 300px) 100vw, 300px\" \/><\/a>El gobierno de Ecuador, a trav\u00e9s de la Canciller\u00eda, extendi\u00f3 sus m\u00e1s sentidas condolencias al pueblo pakistan\u00ed y, particularmente, a las familias afectadas por el \u00abdemencial ataque\u00bb de militantes del Movimiento Talib\u00e1n de Pakist\u00e1n en la Escuela P\u00fablica del Ej\u00e9rcito pakistan\u00ed, en la ciudad de Peshawar.<\/p>\n<p style=\"text-align: justify;\">\u00abLa Rep\u00fablica del Ecuador reitera su en\u00e9rgica condena frente al uso de la violencia, independientemente de su fuente o sus motivaciones\u00bb, subraya el comunicado del Ministerio de Relaciones Exteriores.<\/p>\n<p style=\"text-align: justify;\">Igualmente, considera que el atentar contra la vida de ni\u00f1os, ni\u00f1as y adolescentes es un acto \u00abespecialmente aberrante, adem\u00e1s de violatorio de los principios rectores del derecho internacional humanitario y de los derechos humanos\u00bb.<\/p>\n<p style=\"text-align: justify;\">M\u00e1s temprano, el presidente Rafael Correa afirm\u00f3 que el mundo est\u00e1 \u00abde luto\u00bb por la \u00abmasacre escolar en Pakist\u00e1n\u00bb.<\/p>\n<p style=\"text-align: justify;\">\u00abMasacre escolar en Pakist\u00e1n: 148 muertos, 132 ni\u00f1os asesinados a sangre fr\u00eda. No tengo memoria de algo tan atroz. El mundo de luto\u00bb, escribi\u00f3 Correa en su cuenta personal de Twitter.<\/p>\n<p style=\"text-align: justify;\">El ataque se produjo ayer en un colegio gestionado por el Ej\u00e9rcito en Peshawar, con un total de 132 estudiantes y 9 empleados del colegio muertos, as\u00ed como 131 heridos. Tambi\u00e9n fueron abatidos los siete terroristas dentro de la escuela.<\/p>\n<p style=\"text-align: justify;\">Seg\u00fan los relatos de testigos y fuentes oficiales, los atacantes fueron de clase en clase disparando y lanzado granadas dejando un reguero de muertos.<\/p>\n<p style=\"text-align: justify;\">El principal grupo talib\u00e1n pakistan\u00ed, el Tehrik-e-Taliban Pakistan (TTP), reivindic\u00f3 el ataque.<\/p>\n<p style=\"text-align: justify;\">Entre escenas de dolor y duelo, Pakist\u00e1n enterr\u00f3 hoy a sus muertos en el asalto a la escuela, en el que fueron asesinados 132 estudiantes, en una jornada en la que el Gobierno levant\u00f3 la moratoria sobre la pena de muerte en los casos de terrorismo y reafirm\u00f3 su determinaci\u00f3n en la guerra contra los talibanes.<\/p>\n","protected":false},"excerpt":{"rendered":"<p>El gobierno de Ecuador, a trav\u00e9s de la Canciller\u00eda, extendi\u00f3 sus m\u00e1s sentidas condolencias al pueblo pakistan\u00ed y, particularmente, a<\/p>\n","protected":false},"author":1,"featured_media":0,"comment_status":"open","ping_status":"open","sticky":false,"template":"","format":"standard","meta":{"footnotes":""},"categories":[1],"tags":[],"_links":{"self":[{"href":"https:\/\/www.ecuadoraldia.com.ec\/index.php?rest_route=\/wp\/v2\/posts\/6580"}],"collection":[{"href":"https:\/\/www.ecuadoraldia.com.ec\/index.php?rest_route=\/wp\/v2\/posts"}],"about":[{"href":"https:\/\/www.ecuadoraldia.com.ec\/index.php?rest_route=\/wp\/v2\/types\/post"}],"author":[{"embeddable":true,"href":"https:\/\/www.ecuadoraldia.com.ec\/index.php?rest_route=\/wp\/v2\/users\/1"}],"replies":[{"embeddable":true,"href":"https:\/\/www.ecuadoraldia.com.ec\/index.php?rest_route=%2Fwp%2Fv2%2Fcomments&post=6580"}],"version-history":[{"count":1,"href":"https:\/\/www.ecuadoraldia.com.ec\/index.php?rest_route=\/wp\/v2\/posts\/6580\/revisions"}],"predecessor-version":[{"id":6582,"href":"https:\/\/www.ecuadoraldia.com.ec\/index.php?rest_route=\/wp\/v2\/posts\/6580\/revisions\/6582"}],"wp:attachment":[{"href":"https:\/\/www.ecuadoraldia.com.ec\/index.php?rest_route=%2Fwp%2Fv2%2Fmedia&parent=6580"}],"wp:term":[{"taxonomy":"category","embeddable":true,"href":"https:\/\/www.ecuadoraldia.com.ec\/index.php?rest_route=%2Fwp%2Fv2%2Fcategories&post=6580"},{"taxonomy":"post_tag","embeddable":true,"href":"https:\/\/www.ecuadoraldia.com.ec\/index.php?rest_route=%2Fwp%2Fv2%2Ftags&post=6580"}],"curies":[{"name":"wp","href":"https:\/\/api.w.org\/{rel}","templated":true}]}}