{"id":6583,"date":"2014-12-17T22:49:52","date_gmt":"2014-12-17T22:49:52","guid":{"rendered":"http:\/\/www.ecuadoraldia.com.ec\/?p=6583"},"modified":"2014-12-17T22:49:52","modified_gmt":"2014-12-17T22:49:52","slug":"parlamento-europeo-aprobo-extension-de-preferencias-arancelarias-a-ecuador","status":"publish","type":"post","link":"https:\/\/www.ecuadoraldia.com.ec\/?p=6583","title":{"rendered":"Parlamento europeo aprob\u00f3 extensi\u00f3n de preferencias arancelarias a Ecuador"},"content":{"rendered":"<p style=\"text-align: justify;\"><a href=\"http:\/\/www.ecuadoraldia.com.ec\/wp-content\/uploads\/2014\/12\/europa.jpg\"><img loading=\"lazy\" decoding=\"async\" class=\"alignleft size-medium wp-image-6584\" src=\"http:\/\/www.ecuadoraldia.com.ec\/wp-content\/uploads\/2014\/12\/europa-300x198.jpg\" alt=\"europa\" width=\"300\" height=\"198\" srcset=\"https:\/\/www.ecuadoraldia.com.ec\/wp-content\/uploads\/2014\/12\/europa-300x198.jpg 300w, https:\/\/www.ecuadoraldia.com.ec\/wp-content\/uploads\/2014\/12\/europa.jpg 500w\" sizes=\"(max-width: 300px) 100vw, 300px\" \/><\/a>El presidente de la Rep\u00fablica, Rafael Correa, expres\u00f3 su satisfaci\u00f3n por la extensi\u00f3n de las preferencias arancelarias aprobado hoy por el Parlamento Europeo, y felicit\u00f3 al equipo de negociadores de Ecuador.<\/p>\n<p style=\"text-align: justify;\">\u00abParlamento europeo hace pocos minutos aprob\u00f3 extensi\u00f3n preferencias arancelarias. Nadie cre\u00eda que saldr\u00eda antes de Marzo. Felicitaciones a nuestros equipos negociadores. Seguimos prepar\u00e1ndonos para un a\u00f1o duro, pero juntos saldremos adelante\u00bb, escribi\u00f3 el Jefe de Estado en su cuenta en Twitter.<\/p>\n<p style=\"text-align: justify;\">\nEl pleno del Parlamento Europeo (PE) aprob\u00f3 este mi\u00e9rcoles que las actuales preferencias arancelarias a Ecuador puedan extenderse, sin interrupci\u00f3n, a partir del 1 de enero de 2015, ya que la participaci\u00f3n de Quito en el Sistema General de Preferencias (SGP) comunitario conclu\u00eda a finales de este a\u00f1o.<\/p>\n<p style=\"text-align: justify;\">La votaci\u00f3n de la extensi\u00f3n de las medidas comerciales para Ecuador se produjo en un momento en el que la UE y Ecuador ya han finalizado la negociaci\u00f3n t\u00e9cnica de un tratado de libre comercio, mediante el que el pa\u00eds andino se adherir\u00e1 al acuerdo vigente con Colombia y Per\u00fa.<\/p>\n<p style=\"text-align: justify;\">No obstante, el procedimiento necesario para su entrada en vigor puede llevar hasta dos a\u00f1os m\u00e1s.<\/p>\n<p style=\"text-align: justify;\">La UE y Ecuador rubricaron el pasado 12 de diciembre el acuerdo de libre comercio cuya negociaci\u00f3n concluyeron en junio, con la confianza de que pueda entrar en vigor en 2016.<\/p>\n<p style=\"text-align: justify;\">A trav\u00e9s de este acuerdo, Ecuador se sumar\u00e1 al tratado de libre comercio multipartito ya en vigor entre los Veintiocho y Colombia y Per\u00fa, pero con la garant\u00eda de que en el texto se han tenido en cuenta las especificidades de la econom\u00eda ecuatoriana, seg\u00fan el ministro.<\/p>\n","protected":false},"excerpt":{"rendered":"<p>El presidente de la Rep\u00fablica, Rafael Correa, expres\u00f3 su satisfaci\u00f3n por la extensi\u00f3n de las preferencias arancelarias aprobado hoy por<\/p>\n","protected":false},"author":1,"featured_media":0,"comment_status":"open","ping_status":"open","sticky":false,"template":"","format":"standard","meta":{"footnotes":""},"categories":[9],"tags":[],"_links":{"self":[{"href":"https:\/\/www.ecuadoraldia.com.ec\/index.php?rest_route=\/wp\/v2\/posts\/6583"}],"collection":[{"href":"https:\/\/www.ecuadoraldia.com.ec\/index.php?rest_route=\/wp\/v2\/posts"}],"about":[{"href":"https:\/\/www.ecuadoraldia.com.ec\/index.php?rest_route=\/wp\/v2\/types\/post"}],"author":[{"embeddable":true,"href":"https:\/\/www.ecuadoraldia.com.ec\/index.php?rest_route=\/wp\/v2\/users\/1"}],"replies":[{"embeddable":true,"href":"https:\/\/www.ecuadoraldia.com.ec\/index.php?rest_route=%2Fwp%2Fv2%2Fcomments&post=6583"}],"version-history":[{"count":1,"href":"https:\/\/www.ecuadoraldia.com.ec\/index.php?rest_route=\/wp\/v2\/posts\/6583\/revisions"}],"predecessor-version":[{"id":6585,"href":"https:\/\/www.ecuadoraldia.com.ec\/index.php?rest_route=\/wp\/v2\/posts\/6583\/revisions\/6585"}],"wp:attachment":[{"href":"https:\/\/www.ecuadoraldia.com.ec\/index.php?rest_route=%2Fwp%2Fv2%2Fmedia&parent=6583"}],"wp:term":[{"taxonomy":"category","embeddable":true,"href":"https:\/\/www.ecuadoraldia.com.ec\/index.php?rest_route=%2Fwp%2Fv2%2Fcategories&post=6583"},{"taxonomy":"post_tag","embeddable":true,"href":"https:\/\/www.ecuadoraldia.com.ec\/index.php?rest_route=%2Fwp%2Fv2%2Ftags&post=6583"}],"curies":[{"name":"wp","href":"https:\/\/api.w.org\/{rel}","templated":true}]}}